{"id":16667,"date":"2022-07-26T09:08:00","date_gmt":"2022-07-26T09:08:00","guid":{"rendered":"https:\/\/www.kibuc.com\/blog\/?p=11259"},"modified":"2025-03-31T19:30:07","modified_gmt":"2025-03-31T17:30:07","slug":"como-combinar-cojines-paredes-sofa-gris-oscuro","status":"publish","type":"post","link":"https:\/\/www.kibuc.com\/blog\/como-combinar-cojines-paredes-sofa-gris-oscuro\/","title":{"rendered":"C\u00f3mo combinar cojines y paredes para tu sof\u00e1 gris oscuro"},"content":{"rendered":"\n<p>\u00bfQuieres o tienes un sof\u00e1 gris oscuro? \u00bfNecesitas saber c\u00f3mo amueblar tu sal\u00f3n o c\u00f3mo ser\u00e1 el resultado final? En este post te presentamos 9 fant\u00e1sticas ideas para amueblar un sal\u00f3n y hacer que su sof\u00e1 gris oscuro sea el protagonista.<\/p>\n\n\n\n<div id=\"ez-toc-container\" class=\"ez-toc-v2_0_82_2 counter-hierarchy ez-toc-counter ez-toc-grey ez-toc-container-direction\">\n<div class=\"ez-toc-title-container\">\n<p class=\"ez-toc-title\" style=\"cursor:inherit\">\u00cdndice de contenido<\/p>\n<span class=\"ez-toc-title-toggle\"><\/span><\/div>\n<nav><ul class='ez-toc-list ez-toc-list-level-1 ' ><li class='ez-toc-page-1 ez-toc-heading-level-2'><a class=\"ez-toc-link ez-toc-heading-1\" href=\"https:\/\/www.kibuc.com\/blog\/como-combinar-cojines-paredes-sofa-gris-oscuro\/#1_Paredes_neutras_en_el_salon\" >1. Paredes neutras en el sal\u00f3n<\/a><\/li><li class='ez-toc-page-1 ez-toc-heading-level-2'><a class=\"ez-toc-link ez-toc-heading-2\" href=\"https:\/\/www.kibuc.com\/blog\/como-combinar-cojines-paredes-sofa-gris-oscuro\/#2_Tejidos_claros_para_sofas_grises\" >2. Tejidos claros para sof\u00e1s grises<\/a><\/li><li class='ez-toc-page-1 ez-toc-heading-level-2'><a class=\"ez-toc-link ez-toc-heading-3\" href=\"https:\/\/www.kibuc.com\/blog\/como-combinar-cojines-paredes-sofa-gris-oscuro\/#3_Un_toque_verde_en_el_salon_gris\" >3. Un toque verde en el sal\u00f3n gris<\/a><\/li><li class='ez-toc-page-1 ez-toc-heading-level-2'><a class=\"ez-toc-link ez-toc-heading-4\" href=\"https:\/\/www.kibuc.com\/blog\/como-combinar-cojines-paredes-sofa-gris-oscuro\/#4_%C2%A1Cuelga_uno_varios_cuadros\" >4. \u00a1Cuelga uno varios cuadros!<\/a><\/li><li class='ez-toc-page-1 ez-toc-heading-level-2'><a class=\"ez-toc-link ez-toc-heading-5\" href=\"https:\/\/www.kibuc.com\/blog\/como-combinar-cojines-paredes-sofa-gris-oscuro\/#5_Anade_una_alfombra_de_color_claro\" >5. A\u00f1ade una alfombra de color claro<\/a><\/li><li class='ez-toc-page-1 ez-toc-heading-level-2'><a class=\"ez-toc-link ez-toc-heading-6\" href=\"https:\/\/www.kibuc.com\/blog\/como-combinar-cojines-paredes-sofa-gris-oscuro\/#6_El_poder_de_los_sillones\" >6. El poder de los sillones<\/a><\/li><li class='ez-toc-page-1 ez-toc-heading-level-2'><a class=\"ez-toc-link ez-toc-heading-7\" href=\"https:\/\/www.kibuc.com\/blog\/como-combinar-cojines-paredes-sofa-gris-oscuro\/#7_Una_mesa_de_centro_para_acompanar_el_sofa_gris_oscuro\" >7. Una mesa de centro para acompa\u00f1ar el sof\u00e1 gris oscuro<\/a><\/li><li class='ez-toc-page-1 ez-toc-heading-level-2'><a class=\"ez-toc-link ez-toc-heading-8\" href=\"https:\/\/www.kibuc.com\/blog\/como-combinar-cojines-paredes-sofa-gris-oscuro\/#8_La_decoracion_es_importante\" >8. La decoraci\u00f3n es importante<\/a><\/li><li class='ez-toc-page-1 ez-toc-heading-level-2'><a class=\"ez-toc-link ez-toc-heading-9\" href=\"https:\/\/www.kibuc.com\/blog\/como-combinar-cojines-paredes-sofa-gris-oscuro\/#9_Se_tu_mismoa\" >9. S\u00e9 t\u00fa mismo\/a<\/a><\/li><li class='ez-toc-page-1 ez-toc-heading-level-2'><a class=\"ez-toc-link ez-toc-heading-10\" href=\"https:\/\/www.kibuc.com\/blog\/como-combinar-cojines-paredes-sofa-gris-oscuro\/#Productos_Relacionados\" >Productos Relacionados<\/a><\/li><\/ul><\/nav><\/div>\n<h2 class=\"wp-block-heading\"><span class=\"ez-toc-section\" id=\"1_Paredes_neutras_en_el_salon\"><\/span>1. Paredes neutras en el sal\u00f3n<span class=\"ez-toc-section-end\"><\/span><\/h2>\n\n\n\n<p>Con un sof\u00e1 gris, la mejor idea es <strong>pintar las paredes en tonos neutros<\/strong>. El <strong>blanco <\/strong>o el beige son colores que <strong>aportan luminosidad<\/strong>, contrastando con el gris oscuro del sof\u00e1. \u00a1Ya ver\u00e1s, el resultado ser\u00e1 s\u00faper acogedor!<\/p>\n\n\n\n<figure class=\"wp-block-image size-large\"><img decoding=\"async\" width=\"1024\" height=\"614\" src=\"https:\/\/www.kibuc.com\/blog\/wp-content\/uploads\/2023\/03\/3360-Kibuc-Turin-001-01-CHL-1-1024x614.jpg\" alt=\"\" class=\"wp-image-21400\" srcset=\"https:\/\/www.kibuc.com\/blog\/wp-content\/uploads\/2023\/03\/3360-Kibuc-Turin-001-01-CHL-1-1024x614.jpg 1024w, https:\/\/www.kibuc.com\/blog\/wp-content\/uploads\/2023\/03\/3360-Kibuc-Turin-001-01-CHL-1-300x180.jpg 300w, https:\/\/www.kibuc.com\/blog\/wp-content\/uploads\/2023\/03\/3360-Kibuc-Turin-001-01-CHL-1-768x461.jpg 768w, https:\/\/www.kibuc.com\/blog\/wp-content\/uploads\/2023\/03\/3360-Kibuc-Turin-001-01-CHL-1.jpg 1400w\" sizes=\"(max-width: 1024px) 100vw, 1024px\" \/><\/figure>\n\n\n\n<div class=\"wp-block-buttons is-content-justification-center is-layout-flex wp-container-core-buttons-is-layout-16018d1d wp-block-buttons-is-layout-flex\">\n<div class=\"wp-block-button is-style-outline is-style-outline--1\"><a class=\"wp-block-button__link wp-element-button\" href=\"https:\/\/www.kibuc.com\/es\/#\/decaf5df-0acf-42f6-9ece-4f642a5978cb\/classic\/autofilters=true&amp;page=1&amp;query=turin&amp;query_name=match_and&amp;rpp=20\" target=\"_blank\" rel=\"noreferrer noopener\">Ver sof\u00e1 TURIN<\/a><\/div>\n<\/div>\n\n\n\n<div style=\"height:41px\" aria-hidden=\"true\" class=\"wp-block-spacer\"><\/div>\n\n\n\n<h2 class=\"wp-block-heading\"><span class=\"ez-toc-section\" id=\"2_Tejidos_claros_para_sofas_grises\"><\/span>2. Tejidos claros para sof\u00e1s grises<span class=\"ez-toc-section-end\"><\/span><\/h2>\n\n\n\n<p>Elige <strong>textiles en colores neutros o claros<\/strong>. La combinaci\u00f3n de colores <strong>mostaza o varios marrones <\/strong>nos vuelve literalmente locos. <strong>No tengas miedo de mezclar diferentes tejidos<\/strong>, como la lana o el lino, para conseguir divertidos contrastes. Tu sof\u00e1 gris siempre ser\u00e1 el centro de atenci\u00f3n.<\/p>\n\n\n\n<h2 class=\"wp-block-heading\"><span class=\"ez-toc-section\" id=\"3_Un_toque_verde_en_el_salon_gris\"><\/span>3. Un toque verde en el sal\u00f3n gris<span class=\"ez-toc-section-end\"><\/span><\/h2>\n\n\n\n<p>El verde es otro color que combina maravillosamente con el gris oscuro. Pero si no te atreves a lanzarte y pintar la pared de verde, bastar\u00e1 con a\u00f1adir textiles y colocar algunas plantas aqu\u00ed y all\u00e1 para recrear un ambiente fresco y luminoso.&nbsp;<\/p>\n\n\n\n<h2 class=\"wp-block-heading\"><span class=\"ez-toc-section\" id=\"4_%C2%A1Cuelga_uno_varios_cuadros\"><\/span>4. \u00a1Cuelga uno varios cuadros!<span class=\"ez-toc-section-end\"><\/span><\/h2>\n\n\n\n<p>Otro complemento que quedar\u00e1 estupendo con tu sof\u00e1 gris oscuro es<strong> uno o varios cuadros en un tono gris<\/strong>. La <strong>escala de grises es muy amplia<\/strong>, por lo que no correr\u00e1s el riesgo de aburrirte. Te ayudar\u00e1 a romper la monoton\u00eda de la pared lisa y al mismo tiempo ir\u00e1 de la mano del sof\u00e1.&nbsp;<\/p>\n\n\n\n<figure class=\"wp-block-image size-large\"><img decoding=\"async\" width=\"1024\" height=\"614\" src=\"https:\/\/www.kibuc.com\/blog\/wp-content\/uploads\/2023\/03\/sofa_kibuc-1024x614.jpg\" alt=\"\" class=\"wp-image-21416\" srcset=\"https:\/\/www.kibuc.com\/blog\/wp-content\/uploads\/2023\/03\/sofa_kibuc-1024x614.jpg 1024w, https:\/\/www.kibuc.com\/blog\/wp-content\/uploads\/2023\/03\/sofa_kibuc-300x180.jpg 300w, https:\/\/www.kibuc.com\/blog\/wp-content\/uploads\/2023\/03\/sofa_kibuc-768x460.jpg 768w, https:\/\/www.kibuc.com\/blog\/wp-content\/uploads\/2023\/03\/sofa_kibuc.jpg 1396w\" sizes=\"(max-width: 1024px) 100vw, 1024px\" \/><\/figure>\n\n\n\n<div class=\"wp-block-buttons is-content-justification-center is-layout-flex wp-container-core-buttons-is-layout-16018d1d wp-block-buttons-is-layout-flex\"><\/div>\n\n\n\n<h2 class=\"wp-block-heading\"><span class=\"ez-toc-section\" id=\"5_Anade_una_alfombra_de_color_claro\"><\/span>5. A\u00f1ade una alfombra de color claro<span class=\"ez-toc-section-end\"><\/span><\/h2>\n\n\n\n<p>Las <strong>alfombras <\/strong>en el sal\u00f3n son imprescindibles para <strong>dar un toque extra a la habitaci\u00f3n<\/strong>. En el caso de su sof\u00e1 gris, elige una <strong>alfombra de color pastel <\/strong>y recuerda que las de <strong>materiales naturales nunca fallan<\/strong>.<\/p>\n\n\n\n<h2 class=\"wp-block-heading\"><span class=\"ez-toc-section\" id=\"6_El_poder_de_los_sillones\"><\/span>6. El poder de los sillones<span class=\"ez-toc-section-end\"><\/span><\/h2>\n\n\n\n<p>Si tienes un sof\u00e1 gris oscuro, esta es tu oportunidad para a\u00f1adir tambi\u00e9n un sill\u00f3n a tu sal\u00f3n. Como hemos visto e<strong>l color mostaza y los matices del gris <\/strong>quedan muy bien con este color, echa un vistazo a nuestras <a href=\"https:\/\/www.kibuc.com\/es\/27-butacas\">colecciones de sillones y butacas de Kibuc<\/a>.&nbsp;<\/p>\n\n\n\n<h2 class=\"wp-block-heading\"><span class=\"ez-toc-section\" id=\"7_Una_mesa_de_centro_para_acompanar_el_sofa_gris_oscuro\"><\/span>7. Una mesa de centro para acompa\u00f1ar el sof\u00e1 gris oscuro<span class=\"ez-toc-section-end\"><\/span><\/h2>\n\n\n\n<p>Ha llegado el momento de elegir una mesa de centro. Nuestro consejo es que<strong> elijas una mesa de cristal<\/strong>, ya que no ensombrece el espacio circundante y te ayuda a resaltar el sof\u00e1 gris de tu sal\u00f3n. \u00bfQu\u00e9 tal Burano?<\/p>\n\n\n\n<figure class=\"wp-block-image size-large\"><img decoding=\"async\" width=\"1024\" height=\"614\" src=\"https:\/\/www.kibuc.com\/blog\/wp-content\/uploads\/2023\/03\/3264-Kibuc-Sofas-01-Maui-ChaisseMeridien-001-01-1024x614.jpg\" alt=\"\" class=\"wp-image-21420\" srcset=\"https:\/\/www.kibuc.com\/blog\/wp-content\/uploads\/2023\/03\/3264-Kibuc-Sofas-01-Maui-ChaisseMeridien-001-01-1024x614.jpg 1024w, https:\/\/www.kibuc.com\/blog\/wp-content\/uploads\/2023\/03\/3264-Kibuc-Sofas-01-Maui-ChaisseMeridien-001-01-300x180.jpg 300w, https:\/\/www.kibuc.com\/blog\/wp-content\/uploads\/2023\/03\/3264-Kibuc-Sofas-01-Maui-ChaisseMeridien-001-01-768x461.jpg 768w, https:\/\/www.kibuc.com\/blog\/wp-content\/uploads\/2023\/03\/3264-Kibuc-Sofas-01-Maui-ChaisseMeridien-001-01.jpg 1400w\" sizes=\"(max-width: 1024px) 100vw, 1024px\" \/><\/figure>\n\n\n\n<div class=\"wp-block-buttons is-content-justification-center is-layout-flex wp-container-core-buttons-is-layout-16018d1d wp-block-buttons-is-layout-flex\">\n<div class=\"wp-block-button is-style-outline is-style-outline--2\"><a class=\"wp-block-button__link wp-element-button\" href=\"https:\/\/www.kibuc.com\/es\/#\/decaf5df-0acf-42f6-9ece-4f642a5978cb\/classic\/autofilters=true&amp;page=1&amp;query=maui&amp;query_name=match_and&amp;rpp=20\" target=\"_blank\" rel=\"noreferrer noopener\">Ver sof\u00e1 MAUI<\/a><\/div>\n<\/div>\n\n\n\n<div style=\"height:41px\" aria-hidden=\"true\" class=\"wp-block-spacer\"><\/div>\n\n\n\n<h2 class=\"wp-block-heading\"><span class=\"ez-toc-section\" id=\"8_La_decoracion_es_importante\"><\/span>8. La decoraci\u00f3n es importante<span class=\"ez-toc-section-end\"><\/span><\/h2>\n\n\n\n<p>Las garrafas, los revisteros o los cuadros decorativos dar\u00e1n car\u00e1cter a tu habitaci\u00f3n. Como se trata de detalles, nuestra recomendaci\u00f3n es que seas original, que no seas t\u00edmido, adem\u00e1s siempre estar\u00e1s a tiempo de moverlos cambiarlos a tu antojo.<\/p>\n\n\n\n<h2 class=\"wp-block-heading\"><span class=\"ez-toc-section\" id=\"9_Se_tu_mismoa\"><\/span>9. S\u00e9 t\u00fa mismo\/a<span class=\"ez-toc-section-end\"><\/span><\/h2>\n\n\n\n<p>Piensa en los art\u00edculos que necesitas a diario y ve a por ellos.<strong> Mezclar colores y tejidos nunca est\u00e1 de m\u00e1s<\/strong>, y un sof\u00e1 gris oscuro te permite jugar con muchas combinaciones \u00a1As\u00ed que ya no tienes excusas!<\/p>\n\n\n\n\n\t\t\t<div class=\"kubic-new-single-products-related\">\t\n\t\t\t\t\n\t\t\t\t\t<div class=\"title\">\n\t\t\t\t\t\t<h2><span class=\"ez-toc-section\" id=\"Productos_Relacionados\"><\/span>Productos Relacionados<span class=\"ez-toc-section-end\"><\/span><\/h2>\n\t\t\t\t\t<\/div>\n\t\t\t\t\t\n\t\t\t\t\t<div class=\"container-inline-articles\">\n\t\t\t\t\t\t\n\t\t\t\t\t\t<div class=\"articulos-inline-swipper articulos-inline-swipper-1\">\n\t\t\t\t\t\t\t<div class=\"swiper\">\n\t\t\t\t\t\t\t\t<div class=\"swiper-wrapper\">\n\t\t\n\t\t\t\t<div class=\"swiper-slide\">\n\t\t\t\t\t<div class=\"article\">\n\t\t\t\t\t\t<div class=\"image\">\n\t\t\t\t\t\t\t<img decoding=\"async\" width=\"1000\" height=\"1000\" src=\"https:\/\/www.kibuc.com\/blog\/wp-content\/uploads\/2024\/08\/mesa-de-centro-aiko-120cm.webp\" class=\"attachment-post-thumbnail size-post-thumbnail\" alt=\"mesa de centro aiko\" srcset=\"https:\/\/www.kibuc.com\/blog\/wp-content\/uploads\/2024\/08\/mesa-de-centro-aiko-120cm.webp 1000w, https:\/\/www.kibuc.com\/blog\/wp-content\/uploads\/2024\/08\/mesa-de-centro-aiko-120cm-300x300.webp 300w, https:\/\/www.kibuc.com\/blog\/wp-content\/uploads\/2024\/08\/mesa-de-centro-aiko-120cm-150x150.webp 150w, https:\/\/www.kibuc.com\/blog\/wp-content\/uploads\/2024\/08\/mesa-de-centro-aiko-120cm-768x768.webp 768w\" sizes=\"(max-width: 1000px) 100vw, 1000px\" \/>\n\t\t\t\t\t\t<\/div>\n\t\t\t\t\t\t\n\t\t\t\t\t\t<a href=\"https:\/\/www.kibuc.com\/es\/mesas-de-centro\/112486-mesa-de-centro-aiko-120cm.html\" class=\"overlay\"><\/a>\n\t\t\t\t\t\t\n\t\t\t\t\t\t<div class=\"content\">\n\t\t\t\t\t\t\t<a href=\"https:\/\/www.kibuc.com\/es\/mesas-de-centro\/112486-mesa-de-centro-aiko-120cm.html\" class=\"title-article\">Mesa de centro Aiko 120cm<\/a>\n\t\t\t\t\t\t\t<div class=\"description-article\">600 \u20ac<\/div>\n\t\t\t\t\t\t<\/div>\n\t\t\t\t\t<\/div>\n\t\t\t\t<\/div>\n\t\t\t\n\t\t\t\t\t\t\t\t<\/div>\n\t\t\t\t\t\t\t\n\t\t\t\t\t\t\t\t<div class=\"swiper-button-prev\"><\/div>\n\t\t\t\t\t\t\t\t<div class=\"swiper-button-next\"><\/div>\n\t\t\t\t\t\t\t\t\n\t\t\t\t\t\t\t\t\n\t\t\t\t\t\t\t<\/div>\n\t\t\t\t\t\t\t<div class=\"swiper-scrollbar\"><\/div>\n\t\t\t\t\t\t<\/div>\n\t\t\t\t\t\t\n\t\t\t\t\t<\/div>\n\t\t\t\t\t\n\t\t\t\t\n\t\t\t<\/div>\n\t\t\n","protected":false},"excerpt":{"rendered":"<p>\u00bfQuieres o tienes un sof\u00e1 gris oscuro? \u00bfNecesitas saber c\u00f3mo amueblar tu sal\u00f3n o c\u00f3mo ser\u00e1 el resultado final? En este post te presentamos 9 fant\u00e1sticas ideas para amueblar un sal\u00f3n y hacer que su sof\u00e1 gris oscuro sea el protagonista. 1. Paredes neutras en el sal\u00f3n Con un sof\u00e1 gris, la mejor idea es [&hellip;]<\/p>\n","protected":false},"author":3,"featured_media":21397,"comment_status":"closed","ping_status":"closed","sticky":false,"template":"","format":"standard","meta":{"_acf_changed":false,"footnotes":""},"categories":[35,36,37],"tags":[908,926,1008],"class_list":["post-16667","post","type-post","status-publish","format-standard","has-post-thumbnail","hentry","category-estancias","category-productos","category-tematicas","tag-decoracion","tag-salones","tag-sofas"],"acf":[],"_links":{"self":[{"href":"https:\/\/www.kibuc.com\/blog\/wp-json\/wp\/v2\/posts\/16667","targetHints":{"allow":["GET"]}}],"collection":[{"href":"https:\/\/www.kibuc.com\/blog\/wp-json\/wp\/v2\/posts"}],"about":[{"href":"https:\/\/www.kibuc.com\/blog\/wp-json\/wp\/v2\/types\/post"}],"author":[{"embeddable":true,"href":"https:\/\/www.kibuc.com\/blog\/wp-json\/wp\/v2\/users\/3"}],"replies":[{"embeddable":true,"href":"https:\/\/www.kibuc.com\/blog\/wp-json\/wp\/v2\/comments?post=16667"}],"version-history":[{"count":12,"href":"https:\/\/www.kibuc.com\/blog\/wp-json\/wp\/v2\/posts\/16667\/revisions"}],"predecessor-version":[{"id":21781,"href":"https:\/\/www.kibuc.com\/blog\/wp-json\/wp\/v2\/posts\/16667\/revisions\/21781"}],"wp:featuredmedia":[{"embeddable":true,"href":"https:\/\/www.kibuc.com\/blog\/wp-json\/wp\/v2\/media\/21397"}],"wp:attachment":[{"href":"https:\/\/www.kibuc.com\/blog\/wp-json\/wp\/v2\/media?parent=16667"}],"wp:term":[{"taxonomy":"category","embeddable":true,"href":"https:\/\/www.kibuc.com\/blog\/wp-json\/wp\/v2\/categories?post=16667"},{"taxonomy":"post_tag","embeddable":true,"href":"https:\/\/www.kibuc.com\/blog\/wp-json\/wp\/v2\/tags?post=16667"}],"curies":[{"name":"wp","href":"https:\/\/api.w.org\/{rel}","templated":true}]}}