{"id":16660,"date":"2022-07-07T12:30:45","date_gmt":"2022-07-07T12:30:45","guid":{"rendered":"https:\/\/www.kibuc.com\/blog\/?p=11246"},"modified":"2023-03-20T14:29:38","modified_gmt":"2023-03-20T14:29:38","slug":"como-combinar-sofa-verde-salon","status":"publish","type":"post","link":"https:\/\/www.kibuc.com\/blog\/como-combinar-sofa-verde-salon\/","title":{"rendered":"C\u00f3mo combinar un sof\u00e1 verde con tu sal\u00f3n"},"content":{"rendered":"\n<p>\u00bfHas pensado alguna vez en comprar un sof\u00e1 verde, pero te has echado atr\u00e1s porque no sab\u00edas c\u00f3mo combinarlo? Es verdad que los sof\u00e1s de este color no suelen ser los m\u00e1s comunes, pero es innegable que se trata de un tono alegre y luminoso. \u00bfCrees que combinar un sof\u00e1 verde con tu sal\u00f3n y crear armon\u00eda con el resto de la habitaci\u00f3n te ser\u00eda complicado?<\/p>\n\n\n\n<p>\u00a1No es as\u00ed! Desde <strong>Kibuc te ense\u00f1amos diferentes formas de decorar tu sal\u00f3n con un sof\u00e1 verde<\/strong>. Ver\u00e1s que obtendr\u00e1s un resultado original, que transmite energ\u00eda positiva.<\/p>\n\n\n\n<p>Lo primero que deber\u00e1s tener en cuenta es el tono de verde del sof\u00e1. Una vez elegido, tendr\u00e1s que decidir si el sof\u00e1 debe ser el protagonista de la habitaci\u00f3n o si debe pasar m\u00e1s desapercibido y no ser tan llamativo. \u00a1<strong>No te pierdas nuestros <em>tips <\/em>para combinar un sof\u00e1 verde con tu sal\u00f3n<\/strong>!<\/p>\n\n\n\n<figure class=\"wp-block-image size-large\"><img decoding=\"async\" width=\"1024\" height=\"614\" src=\"https:\/\/www.kibuc.com\/blog\/wp-content\/uploads\/2023\/03\/3372-Kibuc-Mobelyecla-002-Amato-3PL-01-1-1024x614.jpg\" alt=\"\" class=\"wp-image-21436\" srcset=\"https:\/\/www.kibuc.com\/blog\/wp-content\/uploads\/2023\/03\/3372-Kibuc-Mobelyecla-002-Amato-3PL-01-1-1024x614.jpg 1024w, https:\/\/www.kibuc.com\/blog\/wp-content\/uploads\/2023\/03\/3372-Kibuc-Mobelyecla-002-Amato-3PL-01-1-300x180.jpg 300w, https:\/\/www.kibuc.com\/blog\/wp-content\/uploads\/2023\/03\/3372-Kibuc-Mobelyecla-002-Amato-3PL-01-1-768x461.jpg 768w, https:\/\/www.kibuc.com\/blog\/wp-content\/uploads\/2023\/03\/3372-Kibuc-Mobelyecla-002-Amato-3PL-01-1.jpg 1400w\" sizes=\"(max-width: 1024px) 100vw, 1024px\" \/><\/figure>\n\n\n\n<div class=\"wp-block-buttons is-content-justification-center is-layout-flex wp-container-core-buttons-is-layout-16018d1d wp-block-buttons-is-layout-flex\">\n<div class=\"wp-block-button is-style-outline is-style-outline--1\"><a class=\"wp-block-button__link wp-element-button\" href=\"https:\/\/www.kibuc.com\/es\/11-sofas?page=1#\/decaf5df-0acf-42f6-9ece-4f642a5978cb\/classic\/autofilters=true&amp;page=1&amp;query=amato&amp;query_name=match_and&amp;rpp=20\" target=\"_blank\" rel=\"noreferrer noopener\">Ver sof\u00e1 AMATO<\/a><\/div>\n<\/div>\n\n\n\n<div style=\"height:51px\" aria-hidden=\"true\" class=\"wp-block-spacer\"><\/div>\n\n\n\n<div id=\"ez-toc-container\" class=\"ez-toc-v2_0_82_2 counter-hierarchy ez-toc-counter ez-toc-grey ez-toc-container-direction\">\n<div class=\"ez-toc-title-container\">\n<p class=\"ez-toc-title\" style=\"cursor:inherit\">\u00cdndice de contenido<\/p>\n<span class=\"ez-toc-title-toggle\"><\/span><\/div>\n<nav><ul class='ez-toc-list ez-toc-list-level-1 ' ><li class='ez-toc-page-1 ez-toc-heading-level-2'><a class=\"ez-toc-link ez-toc-heading-1\" href=\"https:\/\/www.kibuc.com\/blog\/como-combinar-sofa-verde-salon\/#Un_sofa_verde_para_embellecer_tu_salon\" >Un sof\u00e1 verde para embellecer tu sal\u00f3n<\/a><ul class='ez-toc-list-level-3' ><li class='ez-toc-heading-level-3'><a class=\"ez-toc-link ez-toc-heading-2\" href=\"https:\/\/www.kibuc.com\/blog\/como-combinar-sofa-verde-salon\/#%C2%BFComo_combinar_el_sofa_verde_con_las_paredes\" >\u00bfC\u00f3mo combinar el sof\u00e1 verde con las paredes?<\/a><\/li><\/ul><\/li><li class='ez-toc-page-1 ez-toc-heading-level-2'><a class=\"ez-toc-link ez-toc-heading-3\" href=\"https:\/\/www.kibuc.com\/blog\/como-combinar-sofa-verde-salon\/#%C2%BFDe_que_color_tiene_que_ser_el_suelo\" >\u00bfDe qu\u00e9 color tiene que ser el suelo?<\/a><\/li><li class='ez-toc-page-1 ez-toc-heading-level-2'><a class=\"ez-toc-link ez-toc-heading-4\" href=\"https:\/\/www.kibuc.com\/blog\/como-combinar-sofa-verde-salon\/#%C2%BFQue_cojines_escoger_para_el_sofa_verde\" >\u00bfQu\u00e9 cojines escoger para el sof\u00e1 verde?<\/a><\/li><\/ul><\/nav><\/div>\n<h2 class=\"wp-block-heading\"><span class=\"ez-toc-section\" id=\"Un_sofa_verde_para_embellecer_tu_salon\"><\/span>Un sof\u00e1 verde para embellecer tu sal\u00f3n<span class=\"ez-toc-section-end\"><\/span><\/h2>\n\n\n\n<h3 class=\"wp-block-heading\"><span class=\"ez-toc-section\" id=\"%C2%BFComo_combinar_el_sofa_verde_con_las_paredes\"><\/span>\u00bfC\u00f3mo combinar el sof\u00e1 verde con las paredes?<span class=\"ez-toc-section-end\"><\/span><\/h3>\n\n\n\n<p>\u00bf<strong>Quieres que tu sof\u00e1 sea el centro de atenci\u00f3n del sal\u00f3n<\/strong>? Entonces, tendr\u00e1s que utilizar el <strong>contraste para destacarlo<\/strong>. Si las paredes son de colores oscuros, el sof\u00e1 tendr\u00e1 que ser de un verde claro, mientras que si es al rev\u00e9s y las paredes tienen tonos claros, habr\u00e1 que optar por un sof\u00e1 verde oscuro. Si eres m\u00e1s atrevido, tambi\u00e9n puedes buscar colores opuestos al verde, como <strong>el rojo o el tono del ladrillo<\/strong>.<\/p>\n\n\n\n<p>Si, en cambio, deseas que el <strong>sof\u00e1 pase algo m\u00e1s desapercibido<\/strong>, puedes pintar las paredes de colores similares: para un sof\u00e1 <strong>verde p\u00e1lido, un color claro<\/strong>, mientras que, para un <strong>verde m\u00e1s intenso, un color m\u00e1s oscuro<\/strong>. \u00bfQuieres lograr un estilo elegante y minimalista? Los<strong> colores neutros, como blanco, beige o tonos gris\u00e1ceos<\/strong>, son perfectos para ti.<\/p>\n\n\n\n<figure class=\"wp-block-image size-full\"><img decoding=\"async\" width=\"701\" height=\"424\" src=\"https:\/\/www.kibuc.com\/blog\/wp-content\/uploads\/2023\/03\/W_SIENA_04_G-1.jpg\" alt=\"\" class=\"wp-image-21434\" srcset=\"https:\/\/www.kibuc.com\/blog\/wp-content\/uploads\/2023\/03\/W_SIENA_04_G-1.jpg 701w, https:\/\/www.kibuc.com\/blog\/wp-content\/uploads\/2023\/03\/W_SIENA_04_G-1-300x181.jpg 300w\" sizes=\"(max-width: 701px) 100vw, 701px\" \/><\/figure>\n\n\n\n<div class=\"wp-block-buttons is-content-justification-center is-layout-flex wp-container-core-buttons-is-layout-16018d1d wp-block-buttons-is-layout-flex\">\n<div class=\"wp-block-button is-style-outline is-style-outline--2\"><a class=\"wp-block-button__link wp-element-button\" href=\"\" target=\"_blank\" rel=\"noreferrer noopener\">Ver sof\u00e1 SIENA<\/a><\/div>\n<\/div>\n\n\n\n<div style=\"height:50px\" aria-hidden=\"true\" class=\"wp-block-spacer\"><\/div>\n\n\n\n<h2 class=\"wp-block-heading\"><span class=\"ez-toc-section\" id=\"%C2%BFDe_que_color_tiene_que_ser_el_suelo\"><\/span>\u00bfDe qu\u00e9 color tiene que ser el suelo?<span class=\"ez-toc-section-end\"><\/span><\/h2>\n\n\n\n<p>Algo que no hay que pasar por alto, adem\u00e1s del color de las paredes, es el tono del suelo. A veces no es tan sencillo de combinar, ya que no se puede pintar. Generalmente, los tonos de madera de los suelos de parquet combinan muy bien con el verde al ser unos colores neutros.<\/p>\n\n\n\n<p>Tambi\u00e9n puedes seguir complementando tu sof\u00e1 con la compra de algunas alfombras. En este caso, te aconsejamos que sigas los <em>tips <\/em>del color de las paredes, es decir, que se trate de una alfombra lisa o estampada, ya que pr\u00e1cticamente cualquier patr\u00f3n combina bien con un sof\u00e1 verde.&nbsp;<\/p>\n\n\n\n<h2 class=\"wp-block-heading\"><span class=\"ez-toc-section\" id=\"%C2%BFQue_cojines_escoger_para_el_sofa_verde\"><\/span>\u00bfQu\u00e9 cojines escoger para el sof\u00e1 verde?<span class=\"ez-toc-section-end\"><\/span><\/h2>\n\n\n\n<p>Un sof\u00e1 sin cojines es como una cama sin manta. Los cojines son el complemento perfecto para aportar comodidad, confort, adem\u00e1s de estilo y color. Veamos las mejores combinaciones de colores:<\/p>\n\n\n\n<ul class=\"wp-block-list\">\n<li><strong>Cojines color crema, gris, blanco o negro<\/strong>. Tonos neutros como los similares a la madera o el bamb\u00fa combinan a la perfecci\u00f3n con el sof\u00e1 verde.<\/li>\n\n\n\n<li><strong>Juega con las texturas del coj\u00edn<\/strong>. Que tenga pelos, que sea de plumas, sea bordado o&nbsp; tenga alg\u00fan relieve.&nbsp;<\/li>\n\n\n\n<li><strong>Los estampados son amigos<\/strong>, no tengas miedo. Un dise\u00f1o con motivo natural, como plantas o \u00e1rboles, son buenas opciones. \u00bfBuscas algo m\u00e1s cl\u00e1sico? Las figuras geom\u00e9tricas como rayas o rombos son perfectas para ti.<\/li>\n<\/ul>\n\n\n<div class=\"wp-block-image\">\n<figure class=\"aligncenter size-full\"><img decoding=\"async\" width=\"713\" height=\"840\" src=\"https:\/\/www.kibuc.com\/blog\/wp-content\/uploads\/2023\/03\/3105-Kibuc-Sofas-Cumbria-001-02.jpg\" alt=\"\" class=\"wp-image-21439\" srcset=\"https:\/\/www.kibuc.com\/blog\/wp-content\/uploads\/2023\/03\/3105-Kibuc-Sofas-Cumbria-001-02.jpg 713w, https:\/\/www.kibuc.com\/blog\/wp-content\/uploads\/2023\/03\/3105-Kibuc-Sofas-Cumbria-001-02-255x300.jpg 255w\" sizes=\"(max-width: 713px) 100vw, 713px\" \/><\/figure>\n<\/div>\n\n\n<p>\u00bfYa te has convencido?<strong> Combinar un sof\u00e1 verde con tu sal\u00f3n no es misi\u00f3n imposible<\/strong>, m\u00e1s bien todo lo contrario. \u00a1Hecha un vistazo a<a href=\"https:\/\/www.kibuc.com\/es\/11-sofas\"> nuestra selecci\u00f3n de sof\u00e1s<\/a> y encuentra el que m\u00e1s se adapte a tus gustos!<\/p>\n","protected":false},"excerpt":{"rendered":"<p>\u00bfHas pensado alguna vez en comprar un sof\u00e1 verde, pero te has echado atr\u00e1s porque no sab\u00edas c\u00f3mo combinarlo? Es verdad que los sof\u00e1s de este color no suelen ser los m\u00e1s comunes, pero es innegable que se trata de un tono alegre y luminoso. \u00bfCrees que combinar un sof\u00e1 verde con tu sal\u00f3n y [&hellip;]<\/p>\n","protected":false},"author":3,"featured_media":21442,"comment_status":"closed","ping_status":"closed","sticky":false,"template":"","format":"standard","meta":{"_acf_changed":false,"footnotes":""},"categories":[35,36,37],"tags":[908,926,1008],"class_list":["post-16660","post","type-post","status-publish","format-standard","has-post-thumbnail","hentry","category-estancias","category-productos","category-tematicas","tag-decoracion","tag-salones","tag-sofas"],"acf":[],"_links":{"self":[{"href":"https:\/\/www.kibuc.com\/blog\/wp-json\/wp\/v2\/posts\/16660","targetHints":{"allow":["GET"]}}],"collection":[{"href":"https:\/\/www.kibuc.com\/blog\/wp-json\/wp\/v2\/posts"}],"about":[{"href":"https:\/\/www.kibuc.com\/blog\/wp-json\/wp\/v2\/types\/post"}],"author":[{"embeddable":true,"href":"https:\/\/www.kibuc.com\/blog\/wp-json\/wp\/v2\/users\/3"}],"replies":[{"embeddable":true,"href":"https:\/\/www.kibuc.com\/blog\/wp-json\/wp\/v2\/comments?post=16660"}],"version-history":[{"count":3,"href":"https:\/\/www.kibuc.com\/blog\/wp-json\/wp\/v2\/posts\/16660\/revisions"}],"predecessor-version":[{"id":21445,"href":"https:\/\/www.kibuc.com\/blog\/wp-json\/wp\/v2\/posts\/16660\/revisions\/21445"}],"wp:featuredmedia":[{"embeddable":true,"href":"https:\/\/www.kibuc.com\/blog\/wp-json\/wp\/v2\/media\/21442"}],"wp:attachment":[{"href":"https:\/\/www.kibuc.com\/blog\/wp-json\/wp\/v2\/media?parent=16660"}],"wp:term":[{"taxonomy":"category","embeddable":true,"href":"https:\/\/www.kibuc.com\/blog\/wp-json\/wp\/v2\/categories?post=16660"},{"taxonomy":"post_tag","embeddable":true,"href":"https:\/\/www.kibuc.com\/blog\/wp-json\/wp\/v2\/tags?post=16660"}],"curies":[{"name":"wp","href":"https:\/\/api.w.org\/{rel}","templated":true}]}}