{"id":16342,"date":"2019-09-24T16:59:02","date_gmt":"2019-09-24T16:59:02","guid":{"rendered":"https:\/\/www.kibuc.com\/blog\/?p=10147"},"modified":"2022-09-29T06:14:09","modified_gmt":"2022-09-29T06:14:09","slug":"hola-otono-hola-novedades-en-sofas","status":"publish","type":"post","link":"https:\/\/www.kibuc.com\/blog\/hola-otono-hola-novedades-en-sofas\/","title":{"rendered":"\u00a1Hola oto\u00f1o! \u00a1Hola novedades en sof\u00e1s! Desc\u00fabrelas"},"content":{"rendered":"\n<div class=\"wp-block-image\"><figure class=\"aligncenter is-resized\"><img decoding=\"async\" src=\"https:\/\/www.kibuc.com\/blog\/wp-content\/uploads\/2019\/09\/novedades-sofas-catalogo-2020-700x420.jpg\" alt=\"\" class=\"wp-image-10170\" width=\"527\" height=\"316\"\/><\/figure><\/div>\n\n\n\n<h4 class=\"wp-block-heading\"><em>Estaci\u00f3n nueva, m\u00e1s novedades en sof\u00e1s. La llegada del oto\u00f1o trae un nuevo cambio de estaci\u00f3n y empieza la temporada del a\u00f1o en la que vamos a empezar a pasar m\u00e1s ratos en casa. M\u00e1s ratos de pelis, m\u00e1s ratos de manta en el sof\u00e1&#8230; Te traemos dos de las novedades en sof\u00e1s del nuevo <a href=\"https:\/\/www.kibuc.com\/catalogos\/general_ES\/\">cat\u00e1logo KIBUC 2020<\/a>.<\/em><\/h4>\n\n\n\n<div id=\"ez-toc-container\" class=\"ez-toc-v2_0_82_2 counter-hierarchy ez-toc-counter ez-toc-grey ez-toc-container-direction\">\n<div class=\"ez-toc-title-container\">\n<p class=\"ez-toc-title\" style=\"cursor:inherit\">\u00cdndice de contenido<\/p>\n<span class=\"ez-toc-title-toggle\"><\/span><\/div>\n<nav><ul class='ez-toc-list ez-toc-list-level-1 ' ><li class='ez-toc-page-1 ez-toc-heading-level-3'><a class=\"ez-toc-link ez-toc-heading-1\" href=\"https:\/\/www.kibuc.com\/blog\/hola-otono-hola-novedades-en-sofas\/#Wally_extra_de_confort\" >Wally:&nbsp;extra&nbsp;de&nbsp;confort<\/a><\/li><li class='ez-toc-page-1 ez-toc-heading-level-3'><a class=\"ez-toc-link ez-toc-heading-2\" href=\"https:\/\/www.kibuc.com\/blog\/hola-otono-hola-novedades-en-sofas\/#Tender_Te_atraparas_en_sus_cojines\" >Tender: Te atrapar\u00e1s en sus cojines<\/a><\/li><\/ul><\/nav><\/div>\n<h3 class=\"wp-block-heading\"><span class=\"ez-toc-section\" id=\"Wally_extra_de_confort\"><\/span><strong>Wally:&nbsp;extra&nbsp;de&nbsp;confort<\/strong><span class=\"ez-toc-section-end\"><\/span><\/h3>\n\n\n\n<div class=\"wp-block-image\"><figure class=\"aligncenter is-resized\"><img decoding=\"async\" src=\"https:\/\/www.kibuc.com\/blog\/wp-content\/uploads\/2019\/09\/sofa-chaise-longue-wally-asiento-deslizante-700x501.jpg\" alt=\"\" class=\"wp-image-10171\" width=\"481\" height=\"344\"\/><\/figure><\/div>\n\n\n\n<p>\u00bfBuscas un sof\u00e1 pr\u00e1ctico, c\u00f3modo y de dise\u00f1o atemporal? Wally es la respuesta. Una nueva colecci\u00f3n de sof\u00e1s al alcance de todos con diferentes caracter\u00edsticas muy pr\u00e1cticas para ti.<\/p>\n\n\n\n<h4 class=\"wp-block-heading\"><strong>Cojines mullidos<\/strong><\/h4>\n\n\n\n<div class=\"wp-block-image\"><figure class=\"aligncenter is-resized\"><img decoding=\"async\" src=\"https:\/\/www.kibuc.com\/blog\/wp-content\/uploads\/2019\/09\/sofa-dos-plazas-wally-asientos-deslizantes-700x516.jpg\" alt=\"\" class=\"wp-image-10172\" width=\"498\" height=\"366\"\/><\/figure><\/div>\n\n\n\n<p>Los cojines del reposacabezas, brazo y ri\u00f1onera son mullidos y ofrecen una experiencia envolvente. Los cojines de los brazos han sido dise\u00f1ados para que al recostarse en el sof\u00e1, sean c\u00f3modos en la postura y agradables al tacto. Tanto si te sientas como si te estiras, el sof\u00e1 ofrece una comodidad \u00f3ptima.<\/p>\n\n\n\n<h4 class=\"wp-block-heading\"><strong>Asientos deslizantes y reposacabezas reclinable<\/strong><\/h4>\n\n\n\n<div class=\"wp-block-image\"><figure class=\"aligncenter is-resized\"><img decoding=\"async\" src=\"https:\/\/www.kibuc.com\/blog\/wp-content\/uploads\/2019\/09\/sofa-wally-asientos-deslizantes.jpg\" alt=\"\" class=\"wp-image-10173\" width=\"369\" height=\"434\"\/><\/figure><\/div>\n\n\n\n<p>Los asientos deslizantes punto a punto son muy pr\u00e1cticos ya que ofrecen la posibilidad de estirar el asiento a la medida que quieras y poder estirarte c\u00f3modamente. Adem\u00e1s incorpora unos topes que evitan que el sistema se deslice accidentalmente en la sentada. <\/p>\n\n\n\n<p>Este sistema es perfecto para los que tienen poco espacio en su sal\u00f3n y no pueden incorporar una chaise longue o un reposapi\u00e9s para estirarse en el sof\u00e1. Solamente tienes que colocar el asiento a su posici\u00f3n inicial para que no moleste.<\/p>\n\n\n\n<p>Los reposacabezas son reclinables y se pueden colocar en distintas posiciones, un detalle perfecto para ajustar la posici\u00f3n a tu medida.<\/p>\n\n\n\n<h4 class=\"wp-block-heading\"><strong>Brazos con arc\u00f3n<\/strong><\/h4>\n\n\n\n<div class=\"wp-block-image\"><figure class=\"aligncenter is-resized\"><img decoding=\"async\" src=\"https:\/\/www.kibuc.com\/blog\/wp-content\/uploads\/2019\/09\/sofa-brazo-arcon-wally.jpg\" alt=\"\" class=\"wp-image-10174\" width=\"354\" height=\"416\"\/><\/figure><\/div>\n\n\n\n<p>Un detalle genial de la colecci\u00f3n son los brazos con arc\u00f3n, ofrecen la posibilidad de guardar, por ejemplo, mantas, cojines u otros objetos que quieras tener a mano para cuando te acomodes en el sof\u00e1. Esta caracter\u00edstica siempre la incorporan dos de los brazos del sof\u00e1.<\/p>\n\n\n\n<h4 class=\"wp-block-heading\"><strong>La medida justa<\/strong><\/h4>\n\n\n\n<p>El sof\u00e1 Wally se puede configurar en una gran variedad de medidas, m\u00f3dulos y plazas; Desde un sill\u00f3n, sof\u00e1 de dos plazas, 3 plazas, chaise longue derecha o izquierda, rinconero, etc. Te ofrecemos una gran variedad de medidas que se ajustan a tus necesidades de espacio y ritmo de vida.<\/p>\n\n\n\n<h4 class=\"wp-block-heading\"><strong>Tapizado y detalles<\/strong><\/h4>\n\n\n\n<div class=\"wp-block-image\"><figure class=\"aligncenter is-resized\"><img decoding=\"async\" src=\"https:\/\/www.kibuc.com\/blog\/wp-content\/uploads\/2019\/09\/sofa-resistente-wally-costuras-700x420.jpg\" alt=\"\" class=\"wp-image-10175\" width=\"496\" height=\"298\"\/><\/figure><\/div>\n\n\n\n<p>Podr\u00e1s tapizar el sof\u00e1 Wally con diferentes tipos de telas. La colecci\u00f3n se caracteriza por ofrecer un gran surtido de colores y tejidos con los que configurar el sof\u00e1. Un detalle que aporta mucha resistencia al tejido es el dise\u00f1o con costuras reforzadas que inciden en la durabilidad del sof\u00e1 y hacen que no se deforme el asiento con facilidad.<\/p>\n\n\n\n<p><\/p>\n\n\n\n<h3 class=\"wp-block-heading\"><span class=\"ez-toc-section\" id=\"Tender_Te_atraparas_en_sus_cojines\"><\/span><strong>Tender: Te atrapar\u00e1s en sus cojines<\/strong><span class=\"ez-toc-section-end\"><\/span><\/h3>\n\n\n\n<div class=\"wp-block-image\"><figure class=\"aligncenter is-resized\"><img decoding=\"async\" src=\"https:\/\/www.kibuc.com\/blog\/wp-content\/uploads\/2019\/09\/sofa-fijo-cojines-tender.jpg\" alt=\"\" class=\"wp-image-10178\" width=\"506\" height=\"326\"\/><figcaption><a href=\"https:\/\/www.kibuc.com\/es\/sofas-2-pl\/75378-sofa-tender-2-plazas.html\">Sof\u00e1 Tender<\/a><\/figcaption><\/figure><\/div>\n\n\n\n<p>Una novedad con un dise\u00f1o original y de una gran presencia. Tender es mullido, suave y c\u00f3modo, se ha dise\u00f1ado con grandes cojines que realzan su figura. Si buscas un sof\u00e1 con el objetivo que una pieza que resalte en tu sal\u00f3n, Tender es una opci\u00f3n ideal.<\/p>\n\n\n\n<h4 class=\"wp-block-heading\"><strong>Dise\u00f1o moderno y \u00fanico<\/strong><\/h4>\n\n\n\n<p>Su estructura de l\u00edneas rectas, contrasta con sus cojines mullidos y de grandes dimensiones. Sus asientos tienen son de gran profundidad para ofrecerte una sentada muy c\u00f3moda. Las patas de madera de haya le aportan altura y aligeran la figura. <\/p>\n\n\n\n<h4 class=\"wp-block-heading\"><strong>Grandes cojines super &#8216;soft&#8217;<\/strong><\/h4>\n\n\n\n<div class=\"wp-block-image\"><figure class=\"aligncenter is-resized\"><img decoding=\"async\" src=\"https:\/\/www.kibuc.com\/blog\/wp-content\/uploads\/2019\/09\/2679-Sofa-Tender-03-1.jpg\" alt=\"\" class=\"wp-image-10179\" width=\"372\" height=\"438\"\/><figcaption><a href=\"https:\/\/www.kibuc.com\/es\/sofas-2-pl\/75378-sofa-tender-2-plazas.html\">Cojines mullidos XL<\/a><\/figcaption><\/figure><\/div>\n\n\n\n<p>Los cojines son la clave de la comodidad de esta colecci\u00f3n. Las formas del coj\u00edn son m\u00e1s bien org\u00e1nicas y eso le aporta un look aut\u00e9ntico y original. El detalle del pliegue de la parte superior de los cojines y del brazo en la tapicer\u00eda lo hace a\u00fan m\u00e1s aut\u00e9ntico en su dise\u00f1o.<\/p>\n\n\n\n<h4 class=\"wp-block-heading\"><strong>Patas a una altura estudiada<\/strong><\/h4>\n\n\n\n<div class=\"wp-block-image\"><figure class=\"aligncenter is-resized\"><img decoding=\"async\" src=\"https:\/\/www.kibuc.com\/blog\/wp-content\/uploads\/2019\/09\/2682-Sofa-Tender-04-Nogal.jpg\" alt=\"\" class=\"wp-image-10180\" width=\"403\" height=\"403\"\/><figcaption><a href=\"https:\/\/www.kibuc.com\/es\/sofas-2-pl\/75378-sofa-tender-2-plazas.html\">Patas de madera de haya<\/a><\/figcaption><\/figure><\/div>\n\n\n\n<p>Las patas de haya de madera de forma redondeada aligeran la figura y peso del sof\u00e1 d\u00e1ndole altura. Se pueden escoger diferentes tonos de madera, natural, nogal r\u00fastico, wengue y roble. La altura de las patas se ha dise\u00f1ado para facilitar la limpieza de la sala y el uso de robots aspiradora.<\/p>\n\n\n\n<h4 class=\"wp-block-heading\"><strong>Brazo XL con detalle repuntado<\/strong><\/h4>\n\n\n\n<div class=\"wp-block-image\"><figure class=\"aligncenter is-resized\"><img decoding=\"async\" src=\"https:\/\/www.kibuc.com\/blog\/wp-content\/uploads\/2019\/09\/2678-Sofa-Tender-02-700x420.jpg\" alt=\"\" class=\"wp-image-10181\" width=\"435\" height=\"261\"\/><figcaption><a href=\"https:\/\/www.kibuc.com\/es\/sofas-2-pl\/75378-sofa-tender-2-plazas.html\">Detalle brazo Tender<\/a><\/figcaption><\/figure><\/div>\n\n\n\n<p>El brazo del sof\u00e1 tiene un gran protagonismo, formando parte importante del dise\u00f1o en conjunto. Destaca la parte exterior del brazo del sof\u00e1, se ha terminado con un par de repuntes en el tapizado que le dan un toque de originalidad.<\/p>\n\n\n\n<h4 class=\"wp-block-heading\"><strong>Configuraci\u00f3n a tu gusto<\/strong><\/h4>\n\n\n\n<div class=\"wp-block-image\"><figure class=\"aligncenter is-resized\"><img decoding=\"async\" src=\"https:\/\/www.kibuc.com\/blog\/wp-content\/uploads\/2019\/09\/2688-Tender-Butaca-Amb01-700x420.jpg\" alt=\"\" class=\"wp-image-10182\" width=\"502\" height=\"301\"\/><figcaption><a href=\"https:\/\/www.kibuc.com\/es\/butacas\/75360-butaca-tender.html\">Butaca Tender<\/a><\/figcaption><\/figure><\/div>\n\n\n\n<p>Sill\u00f3n individual, 2 plazas, 3 plazas&#8230; hasta 6 plazas. Configura el sof\u00e1 a las medidas que necesites, las opciones son muchas. Tambi\u00e9n puedes a\u00f1adirle un reposapi\u00e9s para ofrecer la posibilidad de una m\u00e1xima comodidad.<\/p>\n\n\n\n<h4 class=\"wp-block-heading\"><strong>Cojines a juego<\/strong><\/h4>\n\n\n\n<p>Todos los sof\u00e1s Tender incluyen un juego de dos cojines a juego que se recomienda colocar en los laterales de los brazos.<\/p>\n\n\n\n<h4 class=\"wp-block-heading\"><strong>ART\u00cdCULOS RELACIONADOS<\/strong><\/h4>\n\n\n\n<ul class=\"wp-block-list\"><li><a href=\"https:\/\/www.kibuc.com\/blog\/nuevo-catalogo-kibuc-2020-una-casa-muy-personal\/\">Nueco cat\u00e1logo Kibuc 2020: una casa muy personal<\/a><\/li><li><a href=\"https:\/\/www.kibuc.com\/blog\/next-level-sofas-de-colores-y-como-combinarlos\/\">Next level. Sof\u00e1s de colores y c\u00f3mo combinarlos<\/a><\/li><li><a href=\"https:\/\/www.kibuc.com\/blog\/cuidado-del-sofa-consejos-para-cuidar-del-tapizado\/\">Cuidado del sof\u00e1. Consejos para cuidar del tapizado<\/a><\/li><\/ul>\n","protected":false},"excerpt":{"rendered":"<p>Estaci\u00f3n nueva, m\u00e1s novedades en sof\u00e1s. La llegada del oto\u00f1o trae un nuevo cambio de estaci\u00f3n y empieza la temporada del a\u00f1o en la que vamos a empezar a pasar m\u00e1s ratos en casa. M\u00e1s ratos de pelis, m\u00e1s ratos de manta en el sof\u00e1&#8230; Te traemos dos de las novedades en sof\u00e1s del nuevo [&hellip;]<\/p>\n","protected":false},"author":3,"featured_media":16353,"comment_status":"closed","ping_status":"closed","sticky":false,"template":"","format":"standard","meta":{"_acf_changed":false,"footnotes":""},"categories":[36],"tags":[922,1008],"class_list":["post-16342","post","type-post","status-publish","format-standard","has-post-thumbnail","hentry","category-productos","tag-novedades","tag-sofas"],"acf":[],"_links":{"self":[{"href":"https:\/\/www.kibuc.com\/blog\/wp-json\/wp\/v2\/posts\/16342","targetHints":{"allow":["GET"]}}],"collection":[{"href":"https:\/\/www.kibuc.com\/blog\/wp-json\/wp\/v2\/posts"}],"about":[{"href":"https:\/\/www.kibuc.com\/blog\/wp-json\/wp\/v2\/types\/post"}],"author":[{"embeddable":true,"href":"https:\/\/www.kibuc.com\/blog\/wp-json\/wp\/v2\/users\/3"}],"replies":[{"embeddable":true,"href":"https:\/\/www.kibuc.com\/blog\/wp-json\/wp\/v2\/comments?post=16342"}],"version-history":[{"count":1,"href":"https:\/\/www.kibuc.com\/blog\/wp-json\/wp\/v2\/posts\/16342\/revisions"}],"predecessor-version":[{"id":21013,"href":"https:\/\/www.kibuc.com\/blog\/wp-json\/wp\/v2\/posts\/16342\/revisions\/21013"}],"wp:featuredmedia":[{"embeddable":true,"href":"https:\/\/www.kibuc.com\/blog\/wp-json\/wp\/v2\/media\/16353"}],"wp:attachment":[{"href":"https:\/\/www.kibuc.com\/blog\/wp-json\/wp\/v2\/media?parent=16342"}],"wp:term":[{"taxonomy":"category","embeddable":true,"href":"https:\/\/www.kibuc.com\/blog\/wp-json\/wp\/v2\/categories?post=16342"},{"taxonomy":"post_tag","embeddable":true,"href":"https:\/\/www.kibuc.com\/blog\/wp-json\/wp\/v2\/tags?post=16342"}],"curies":[{"name":"wp","href":"https:\/\/api.w.org\/{rel}","templated":true}]}}