{"id":16232,"date":"2019-05-16T10:22:14","date_gmt":"2019-05-16T10:22:14","guid":{"rendered":"https:\/\/www.kibuc.com\/blog\/?p=9694"},"modified":"2022-09-29T06:14:13","modified_gmt":"2022-09-29T06:14:13","slug":"la-litera-el-gran-aliado-en-habitaciones-pequenas","status":"publish","type":"post","link":"https:\/\/www.kibuc.com\/blog\/la-litera-el-gran-aliado-en-habitaciones-pequenas\/","title":{"rendered":"La litera, el gran aliado en habitaciones peque\u00f1as"},"content":{"rendered":"\n<div class=\"wp-block-image\"><figure class=\"aligncenter\"><img decoding=\"async\" src=\"https:\/\/www.kibuc.com\/blog\/wp-content\/uploads\/2019\/05\/2292-Kibuc-Flow-0005-700x420.jpg\" alt=\"\" class=\"wp-image-9695\"\/><\/figure><\/div>\n\n\n\n<h4 class=\"wp-block-heading\">En una habitaci\u00f3n compartida cada metro cuadrado cuenta y planificar bien c\u00f3mo tienen que ser los muebles es importante para optimizar el espacio. \u00bfHas pensado en colocar una litera? Hoy te traemos una selecci\u00f3n de las mejores opciones Kibuc.<\/h4>\n\n\n\n<div id=\"ez-toc-container\" class=\"ez-toc-v2_0_82_2 counter-hierarchy ez-toc-counter ez-toc-grey ez-toc-container-direction\">\n<div class=\"ez-toc-title-container\">\n<p class=\"ez-toc-title\" style=\"cursor:inherit\">\u00cdndice de contenido<\/p>\n<span class=\"ez-toc-title-toggle\"><\/span><\/div>\n<nav><ul class='ez-toc-list ez-toc-list-level-1 ' ><li class='ez-toc-page-1 ez-toc-heading-level-3'><a class=\"ez-toc-link ez-toc-heading-1\" href=\"https:\/\/www.kibuc.com\/blog\/la-litera-el-gran-aliado-en-habitaciones-pequenas\/#Con_mucho_espacio_para_jugar_y_ordenar\" >Con mucho espacio para jugar y ordenar<\/a><\/li><li class='ez-toc-page-1 ez-toc-heading-level-3'><a class=\"ez-toc-link ez-toc-heading-2\" href=\"https:\/\/www.kibuc.com\/blog\/la-litera-el-gran-aliado-en-habitaciones-pequenas\/#Litera_tipo_tren_con_cajones\" >Litera tipo tren con cajones<\/a><\/li><li class='ez-toc-page-1 ez-toc-heading-level-3'><a class=\"ez-toc-link ez-toc-heading-3\" href=\"https:\/\/www.kibuc.com\/blog\/la-litera-el-gran-aliado-en-habitaciones-pequenas\/#Litera_con_dos_camas_desplazadas\" >Litera con dos camas desplazadas<\/a><\/li><li class='ez-toc-page-1 ez-toc-heading-level-3'><a class=\"ez-toc-link ez-toc-heading-4\" href=\"https:\/\/www.kibuc.com\/blog\/la-litera-el-gran-aliado-en-habitaciones-pequenas\/#Combinacion_de_dos_literas_unidas_por_la_zona_de_almacenaje\" >Combinaci\u00f3n de dos literas unidas por la zona de almacenaje<\/a><\/li><li class='ez-toc-page-1 ez-toc-heading-level-3'><a class=\"ez-toc-link ez-toc-heading-5\" href=\"https:\/\/www.kibuc.com\/blog\/la-litera-el-gran-aliado-en-habitaciones-pequenas\/#Litera_todo_terreno\" >Litera todo terreno<\/a><\/li><\/ul><\/nav><\/div>\n<h3 class=\"wp-block-heading\"><span class=\"ez-toc-section\" id=\"Con_mucho_espacio_para_jugar_y_ordenar\"><\/span>Con mucho espacio para jugar y ordenar<span class=\"ez-toc-section-end\"><\/span><\/h3>\n\n\n\n<figure class=\"wp-block-image is-resized\"><img decoding=\"async\" src=\"https:\/\/www.kibuc.com\/blog\/wp-content\/uploads\/2019\/05\/RINGO-02-700x420.jpg\" alt=\"\" class=\"wp-image-9701\" width=\"580\" height=\"348\"\/><figcaption><a href=\"https:\/\/www.kibuc.com\/es\/dormitorios-completos\/40041-dormitorio-ringo.html\" target=\"_blank\" rel=\"noreferrer noopener\" aria-label=\"Habitaci\u00f3n colecci\u00f3n Ringo (abre en una nueva pesta\u00f1a)\">Habitaci\u00f3n colecci\u00f3n Ringo<\/a><\/figcaption><\/figure>\n\n\n\n<p>Una habitaci\u00f3n con mucha vida, compartida por dos hermanos. Aqu\u00ed el espacio se tiene que optimizar, y una litera es genial para ganar metros cuadrados. Adem\u00e1s esta habitaci\u00f3n est\u00e1 dise\u00f1ada con soluciones para que no falte el espacio para el almacenaje ni la organizaci\u00f3n.<\/p>\n\n\n\n<div class=\"wp-block-image\"><figure class=\"aligncenter is-resized\"><img decoding=\"async\" src=\"https:\/\/www.kibuc.com\/blog\/wp-content\/uploads\/2019\/05\/RINGO-02-5.jpg\" alt=\"\" class=\"wp-image-9696\" width=\"406\" height=\"527\"\/><figcaption><a href=\"https:\/\/www.kibuc.com\/es\/dormitorios-completos\/40041-dormitorio-ringo.html\" target=\"_blank\" rel=\"noreferrer noopener\" aria-label=\"Habitaci\u00f3n colecci\u00f3n Ringo (abre en una nueva pesta\u00f1a)\">Habitaci\u00f3n colecci\u00f3n Ringo<\/a><\/figcaption><\/figure><\/div>\n\n\n\n<h3 class=\"wp-block-heading\"><span class=\"ez-toc-section\" id=\"Litera_tipo_tren_con_cajones\"><\/span>Litera tipo tren con cajones<span class=\"ez-toc-section-end\"><\/span><\/h3>\n\n\n\n<div class=\"wp-block-image\"><figure class=\"aligncenter is-resized\"><img decoding=\"async\" src=\"https:\/\/www.kibuc.com\/blog\/wp-content\/uploads\/2019\/05\/2303-Kibuc-Flow-0011-700x420.jpg\" alt=\"\" class=\"wp-image-9697\" width=\"525\" height=\"315\"\/><figcaption><a href=\"https:\/\/www.kibuc.com\/es\/dormitorios-completos\/40001-dormitorio-flow.html\" target=\"_blank\" rel=\"noreferrer noopener\" aria-label=\"Dormitorio Flow para ni\u00f1os (abre en una nueva pesta\u00f1a)\">Dormitorio Flow para ni\u00f1os<\/a><\/figcaption><\/figure><\/div>\n\n\n\n<p>Las literas tipo tren llenan m\u00e1s el espacio y garantizan una sensaci\u00f3n de espacio propio a la hora de dormir. En este caso tambi\u00e9n se han a\u00f1adido unos cajones en la parte inferior de la litera para aprovechar la longitud de la cama.<\/p>\n\n\n\n<h3 class=\"wp-block-heading\"><span class=\"ez-toc-section\" id=\"Litera_con_dos_camas_desplazadas\"><\/span>Litera con dos camas desplazadas<span class=\"ez-toc-section-end\"><\/span><\/h3>\n\n\n\n<figure class=\"wp-block-image\"><img decoding=\"async\" src=\"https:\/\/www.kibuc.com\/blog\/wp-content\/uploads\/2019\/05\/RINGO-22-700x420.jpg\" alt=\"\" class=\"wp-image-9700\"\/><figcaption><a href=\"https:\/\/www.kibuc.com\/es\/dormitorios-completos\/40061-dormitorio-ringo.html\" target=\"_blank\" rel=\"noreferrer noopener\" aria-label=\"Litera tipo tren de la colecci\u00f3n Ringo (abre en una nueva pesta\u00f1a)\">Litera tipo tren de la colecci\u00f3n Ringo<\/a><\/figcaption><\/figure>\n\n\n\n<p>Esta opci\u00f3n litera tren con las camas desplazadas ha dejado un espacio hueco en la parte inferior de la litera superior, as\u00ed que se ha aprovechado para instalar una zona de estudio.<\/p>\n\n\n\n<h3 class=\"wp-block-heading\"><span class=\"ez-toc-section\" id=\"Combinacion_de_dos_literas_unidas_por_la_zona_de_almacenaje\"><\/span>Combinaci\u00f3n de dos literas unidas por la zona de almacenaje<span class=\"ez-toc-section-end\"><\/span><\/h3>\n\n\n\n<div class=\"wp-block-image\"><figure class=\"aligncenter\"><img decoding=\"async\" src=\"https:\/\/www.kibuc.com\/blog\/wp-content\/uploads\/2019\/05\/2305-Kibuc-Flow-0012-700x420.jpg\" alt=\"\" class=\"wp-image-9698\"\/><figcaption>Habitaci\u00f3n Flow<\/figcaption><\/figure><\/div>\n\n\n\n<p>Todo en una sola pared. Esta idea es ideal si se dispone de una pared larga. Las dos literas est\u00e1n unidas por unos m\u00f3dulos  que hacen de escalera-cajones, un detalle ingenioso que aprovecha el espacio para guardar juguetes u otros objetos. La parte inferior de las camas se ha dise\u00f1ado como zona de almacenaje con diferentes opciones. Adem\u00e1s, se han instalado dos escritorios para tener espacio para estudiar cuando sea necesario.<\/p>\n\n\n\n<h3 class=\"wp-block-heading\"><span class=\"ez-toc-section\" id=\"Litera_todo_terreno\"><\/span>Litera todo terreno<span class=\"ez-toc-section-end\"><\/span><\/h3>\n\n\n\n<figure class=\"wp-block-image\"><img decoding=\"async\" src=\"https:\/\/www.kibuc.com\/blog\/wp-content\/uploads\/2019\/05\/RINGO-05-700x420.jpg\" alt=\"\" class=\"wp-image-9699\"\/><figcaption><a href=\"https:\/\/www.kibuc.com\/es\/dormitorios-completos\/40044-dormitorio-ringo.html\" target=\"_blank\" rel=\"noreferrer noopener\" aria-label=\"Dormitorio compartido Ringo (abre en una nueva pesta\u00f1a)\">Dormitorio compartido Ringo<\/a><\/figcaption><\/figure>\n\n\n\n<p>Una cama al nivel del suelo para el hermano peque\u00f1o y la litera de arriba para el hermano mayor. En esta habitaci\u00f3n compartida por dos hermanos  las dos camas est\u00e1n colocadas un encima de la otra, as\u00ed se optimiza mejor el espacio y queda m\u00e1s espacio para jugar, estudiar, etc.<\/p>\n\n\n\n<h4 class=\"wp-block-heading\">ART\u00cdCULOS RELACIONADOS<\/h4>\n\n\n\n<ul class=\"wp-block-list\"><li><a rel=\"noreferrer noopener\" aria-label=\"La edad ideal para que duerman en una litera y compartan habitaci\u00f3n (abre en una nueva pesta\u00f1a)\" href=\"https:\/\/www.kibuc.com\/blog\/a-que-edad-pueden-dormir-los-ninos-en-literas\/\" target=\"_blank\">La edad ideal para que duerman en una litera y compartan habitaci\u00f3n<\/a><\/li><li><a rel=\"noreferrer noopener\" aria-label=\"\u00bfDos camas, cama nido o literas? \u00bfQu\u00e9 opci\u00f3n es mejor para ti? (abre en una nueva pesta\u00f1a)\" href=\"https:\/\/www.kibuc.com\/blog\/a-que-edad-pueden-dormir-los-ninos-en-literas\/\" target=\"_blank\">\u00bfDos camas, cama nido o literas? \u00bfQu\u00e9 opci\u00f3n es mejor para ti?<\/a><\/li><li><a href=\"https:\/\/www.kibuc.com\/blog\/ideas-para-habitaciones-de-preadolescentes\/\" target=\"_blank\" rel=\"noreferrer noopener\" aria-label=\"Ideas para habitaciones de ni\u00f1@s de 8 a 12 a\u00f1os (abre en una nueva pesta\u00f1a)\">Ideas para habitaciones de ni\u00f1@s de 8 a 12 a\u00f1os<\/a><\/li><\/ul>\n","protected":false},"excerpt":{"rendered":"<p>En una habitaci\u00f3n compartida cada metro cuadrado cuenta y planificar bien c\u00f3mo tienen que ser los muebles es importante para optimizar el espacio. \u00bfHas pensado en colocar una litera? Hoy te traemos una selecci\u00f3n de las mejores opciones Kibuc. Con mucho espacio para jugar y ordenar Una habitaci\u00f3n con mucha vida, compartida por dos hermanos. [&hellip;]<\/p>\n","protected":false},"author":3,"featured_media":16233,"comment_status":"closed","ping_status":"closed","sticky":false,"template":"","format":"standard","meta":{"_acf_changed":false,"footnotes":""},"categories":[35],"tags":[1000,913],"class_list":["post-16232","post","type-post","status-publish","format-standard","has-post-thumbnail","hentry","category-estancias","tag-dormitorios","tag-dormitorios-infantiles"],"acf":[],"_links":{"self":[{"href":"https:\/\/www.kibuc.com\/blog\/wp-json\/wp\/v2\/posts\/16232","targetHints":{"allow":["GET"]}}],"collection":[{"href":"https:\/\/www.kibuc.com\/blog\/wp-json\/wp\/v2\/posts"}],"about":[{"href":"https:\/\/www.kibuc.com\/blog\/wp-json\/wp\/v2\/types\/post"}],"author":[{"embeddable":true,"href":"https:\/\/www.kibuc.com\/blog\/wp-json\/wp\/v2\/users\/3"}],"replies":[{"embeddable":true,"href":"https:\/\/www.kibuc.com\/blog\/wp-json\/wp\/v2\/comments?post=16232"}],"version-history":[{"count":1,"href":"https:\/\/www.kibuc.com\/blog\/wp-json\/wp\/v2\/posts\/16232\/revisions"}],"predecessor-version":[{"id":21040,"href":"https:\/\/www.kibuc.com\/blog\/wp-json\/wp\/v2\/posts\/16232\/revisions\/21040"}],"wp:featuredmedia":[{"embeddable":true,"href":"https:\/\/www.kibuc.com\/blog\/wp-json\/wp\/v2\/media\/16233"}],"wp:attachment":[{"href":"https:\/\/www.kibuc.com\/blog\/wp-json\/wp\/v2\/media?parent=16232"}],"wp:term":[{"taxonomy":"category","embeddable":true,"href":"https:\/\/www.kibuc.com\/blog\/wp-json\/wp\/v2\/categories?post=16232"},{"taxonomy":"post_tag","embeddable":true,"href":"https:\/\/www.kibuc.com\/blog\/wp-json\/wp\/v2\/tags?post=16232"}],"curies":[{"name":"wp","href":"https:\/\/api.w.org\/{rel}","templated":true}]}}