{"id":16138,"date":"2018-09-20T17:39:29","date_gmt":"2018-09-20T17:39:29","guid":{"rendered":"http:\/\/kibuc.com\/blog\/?p=9406"},"modified":"2022-09-29T06:14:16","modified_gmt":"2022-09-29T06:14:16","slug":"vivan-los-espacios-y-muebles-multifuncionales","status":"publish","type":"post","link":"https:\/\/www.kibuc.com\/blog\/vivan-los-espacios-y-muebles-multifuncionales\/","title":{"rendered":"Vivan los espacios y muebles multifuncionales"},"content":{"rendered":"<h4 style=\"text-align: center;\">\u00bfTu casa tiene pocos metros cuadrados? Planificar bien como se puede aprovechar\u00a0el espacio es importante cuando se dispone de poco espacio. El mobiliario multifunci\u00f3n\u00a0tambi\u00e9n puede ser una buena opci\u00f3n porque puede ofrecerte soluciones pr\u00e1cticas para tu hogar. Toma nota de estos ejemplos y adapta tu casa con soluciones Kibuc.<\/h4>\n<div id=\"ez-toc-container\" class=\"ez-toc-v2_0_82_2 counter-hierarchy ez-toc-counter ez-toc-grey ez-toc-container-direction\">\n<div class=\"ez-toc-title-container\">\n<p class=\"ez-toc-title\" style=\"cursor:inherit\">\u00cdndice de contenido<\/p>\n<span class=\"ez-toc-title-toggle\"><\/span><\/div>\n<nav><ul class='ez-toc-list ez-toc-list-level-1 ' ><li class='ez-toc-page-1 ez-toc-heading-level-3'><a class=\"ez-toc-link ez-toc-heading-1\" href=\"https:\/\/www.kibuc.com\/blog\/vivan-los-espacios-y-muebles-multifuncionales\/#Pocos_metros_cuadrados_pero_muy_versatiles\" >Pocos metros cuadrados pero muy vers\u00e1tiles<\/a><\/li><li class='ez-toc-page-1 ez-toc-heading-level-3'><a class=\"ez-toc-link ez-toc-heading-2\" href=\"https:\/\/www.kibuc.com\/blog\/vivan-los-espacios-y-muebles-multifuncionales\/#Sofas_que_ofrecen_algo_mas_que_comodidad\" >Sof\u00e1s que ofrecen algo m\u00e1s que comodidad<\/a><\/li><li class='ez-toc-page-1 ez-toc-heading-level-3'><a class=\"ez-toc-link ez-toc-heading-3\" href=\"https:\/\/www.kibuc.com\/blog\/vivan-los-espacios-y-muebles-multifuncionales\/#Auxiliares_con_doble_funcion\" >Auxiliares con doble funci\u00f3n<\/a><\/li><li class='ez-toc-page-1 ez-toc-heading-level-3'><a class=\"ez-toc-link ez-toc-heading-4\" href=\"https:\/\/www.kibuc.com\/blog\/vivan-los-espacios-y-muebles-multifuncionales\/#Dormitorios_muy_funcionales\" >Dormitorios muy funcionales<\/a><\/li><li class='ez-toc-page-1 ez-toc-heading-level-3'><a class=\"ez-toc-link ez-toc-heading-5\" href=\"https:\/\/www.kibuc.com\/blog\/vivan-los-espacios-y-muebles-multifuncionales\/#En_el_dormitorio_de_los_ninos_cada_centimetro_cuenta\" >En el dormitorio de los ni\u00f1os cada cent\u00edmetro cuenta<\/a><\/li><li class='ez-toc-page-1 ez-toc-heading-level-3'><a class=\"ez-toc-link ez-toc-heading-6\" href=\"https:\/\/www.kibuc.com\/blog\/vivan-los-espacios-y-muebles-multifuncionales\/#En_la_habitacion_del_bebe_todo_esta_pensado_para_el_futuro\" >En la habitaci\u00f3n del beb\u00e9 todo est\u00e1 pensado para el futuro<\/a><\/li><\/ul><\/nav><\/div>\n<h3><span class=\"ez-toc-section\" id=\"Pocos_metros_cuadrados_pero_muy_versatiles\"><\/span>Pocos metros cuadrados pero muy vers\u00e1tiles<span class=\"ez-toc-section-end\"><\/span><\/h3>\n<figure id=\"attachment_9408\" aria-describedby=\"caption-attachment-9408\" style=\"width: 512px\" class=\"wp-caption aligncenter\"><img decoding=\"async\" class=\"wp-image-9408 size-medium\" src=\"https:\/\/www.kibuc.com\/blog\/wp-content\/uploads\/2018\/09\/2537-Kibuc-Like-2.0-15-a-512x307.jpg\" alt=\"\" width=\"512\" height=\"307\" \/><figcaption id=\"caption-attachment-9408\" class=\"wp-caption-text\">Sal\u00f3n Like con parte estudio<\/figcaption><\/figure>\n<p>Composiciones de sal\u00f3n con funcionalidades extra, como este sal\u00f3n con zona escritorio, una opci\u00f3n multifuncional para aquellos de los que no disponen de sitio en casa para tener una zona de estudio extra.<\/p>\n<figure id=\"attachment_9409\" aria-describedby=\"caption-attachment-9409\" style=\"width: 512px\" class=\"wp-caption aligncenter\"><a href=\"https:\/\/www.kibuc.com\/es-ES\/Productos\/Ver\/W_ATHOS1_05\" target=\"_blank\" rel=\"noopener noreferrer\"><img decoding=\"async\" class=\"wp-image-9409 size-medium\" src=\"https:\/\/www.kibuc.com\/blog\/wp-content\/uploads\/2018\/09\/1576-K-Athos-0010-512x307.jpg\" alt=\"\" width=\"512\" height=\"307\" \/><\/a><figcaption id=\"caption-attachment-9409\" class=\"wp-caption-text\">Otra opci\u00f3n de sal\u00f3n con espacio para trabajar<\/figcaption><\/figure>\n<p>Una consola puede convertirse en una mesa para m\u00e1s de 8 comensales. Una opci\u00f3n ideal para aquellos que sean pocos en casa pero de vez en cuando tienen reuniones familiares o con amigos.<\/p>\n<figure id=\"attachment_9411\" aria-describedby=\"caption-attachment-9411\" style=\"width: 324px\" class=\"wp-caption aligncenter\"><a href=\"https:\/\/www.kibuc.com\/es-ES\/Productos\/Ver\/W_RODAS_05\" target=\"_blank\" rel=\"noopener noreferrer\"><img decoding=\"async\" class=\"wp-image-9411\" src=\"https:\/\/www.kibuc.com\/blog\/wp-content\/uploads\/2018\/09\/1381-Rodas-0003-1amb-512x603.jpg\" alt=\"\" width=\"324\" height=\"382\" \/><\/a><figcaption id=\"caption-attachment-9411\" class=\"wp-caption-text\">Consola Kreta<\/figcaption><\/figure>\n<figure id=\"attachment_9410\" aria-describedby=\"caption-attachment-9410\" style=\"width: 512px\" class=\"wp-caption aligncenter\"><a href=\"https:\/\/www.kibuc.com\/es-ES\/Productos\/Ver\/W_RODAS_05\" target=\"_blank\" rel=\"noopener noreferrer\"><img decoding=\"async\" class=\"wp-image-9410 size-medium\" src=\"https:\/\/www.kibuc.com\/blog\/wp-content\/uploads\/2018\/09\/1382-Rodas-0003-2amb-512x307.jpg\" alt=\"\" width=\"512\" height=\"307\" \/><\/a><figcaption id=\"caption-attachment-9410\" class=\"wp-caption-text\">Consola Kreta extendida<\/figcaption><\/figure>\n<h3><span class=\"ez-toc-section\" id=\"Sofas_que_ofrecen_algo_mas_que_comodidad\"><\/span>Sof\u00e1s que ofrecen algo m\u00e1s que comodidad<span class=\"ez-toc-section-end\"><\/span><\/h3>\n<figure id=\"attachment_9370\" aria-describedby=\"caption-attachment-9370\" style=\"width: 512px\" class=\"wp-caption aligncenter\"><a href=\"https:\/\/www.kibuc.com\/es-ES\/Productos\/Ver\/W_VERMONT_01\" target=\"_blank\" rel=\"noopener noreferrer\"><img decoding=\"async\" class=\"wp-image-9370 size-medium\" src=\"https:\/\/www.kibuc.com\/blog\/wp-content\/uploads\/2018\/09\/2396-Kibuc-Vermont01-01-512x310.jpg\" alt=\"\" width=\"512\" height=\"310\" \/><\/a><figcaption id=\"caption-attachment-9370\" class=\"wp-caption-text\">Sof\u00e1 Vermont<\/figcaption><\/figure>\n<p>Vermont es una novedad del nuevo cat\u00e1logo de Kibuc y sus asientos XL y deslizantes lo convierten en un sof\u00e1 que al deslizar sus asientos, puede utilizarse c\u00f3modamente como una cama. Adem\u00e1s puede incorporar si tiene chaise longue arc\u00f3n para guardar cosas en su interior. Tambi\u00e9n puede configurarse con un ba\u00fal debajo el brazo donde guardar cojines y mantas.<\/p>\n<figure id=\"attachment_9371\" aria-describedby=\"caption-attachment-9371\" style=\"width: 337px\" class=\"wp-caption aligncenter\"><a href=\"https:\/\/www.kibuc.com\/es-ES\/Productos\/Ver\/W_VERMONT_01\" target=\"_blank\" rel=\"noopener noreferrer\"><img decoding=\"async\" class=\"wp-image-9371\" src=\"https:\/\/www.kibuc.com\/blog\/wp-content\/uploads\/2018\/09\/2398-Kibuc-Vermont01-03-512x602.jpg\" alt=\"\" width=\"337\" height=\"396\" \/><\/a><figcaption id=\"caption-attachment-9371\" class=\"wp-caption-text\">Brazo con ba\u00fal<\/figcaption><\/figure>\n<h3><span class=\"ez-toc-section\" id=\"Auxiliares_con_doble_funcion\"><\/span>Auxiliares con doble funci\u00f3n<span class=\"ez-toc-section-end\"><\/span><\/h3>\n<p>Mesas de centro decorativas pero funcionales al mismo tiempo. Al ser elevables, en su interior se pueden almacenar cosas y al mismo tiempo se puede usar para, por ejemplo, cenar delante la TV c\u00f3modamente.<\/p>\n<p><a href=\"https:\/\/www.kibuc.com\/es-ES\/Productos\/Ver\/W_SIGNOS_30\" target=\"_blank\" rel=\"noopener noreferrer\"><img decoding=\"async\" class=\" wp-image-8168 aligncenter\" src=\"https:\/\/www.kibuc.com\/blog\/wp-content\/uploads\/2016\/09\/0976-0003-04-512x406.jpg\" alt=\"\" width=\"417\" height=\"331\" \/><\/a><\/p>\n<h3><span class=\"ez-toc-section\" id=\"Dormitorios_muy_funcionales\"><\/span>Dormitorios muy funcionales<span class=\"ez-toc-section-end\"><\/span><\/h3>\n<figure id=\"attachment_7336\" aria-describedby=\"caption-attachment-7336\" style=\"width: 402px\" class=\"wp-caption aligncenter\"><a href=\"https:\/\/www.kibuc.com\/es-ES\/Productos\/Ver\/W_NUIT2_1\" target=\"_blank\" rel=\"noopener noreferrer\"><img decoding=\"async\" class=\"wp-image-7336\" src=\"https:\/\/www.kibuc.com\/blog\/wp-content\/uploads\/2016\/02\/nuit5-512x517-512x517.jpg\" alt=\"\" width=\"402\" height=\"406\" \/><\/a><figcaption id=\"caption-attachment-7336\" class=\"wp-caption-text\">Dormitorio con zona de estudio<\/figcaption><\/figure>\n<p>\u00bfQui\u00e9n dice que en el dormitorio solo se descansa? Tambi\u00e9n se puede configurar con un peque\u00f1o espacio para trabajar. Aprovecha los metros cuadrados del dormitorio para sacarle partido. Estas opciones de la colecci\u00f3n Nuit y Asai son ideales porque la zona del escritorio casa a la perfecci\u00f3n con el resto de la composici\u00f3n, respetando la harmon\u00eda de la estancia.<\/p>\n<figure id=\"attachment_9422\" aria-describedby=\"caption-attachment-9422\" style=\"width: 512px\" class=\"wp-caption aligncenter\"><a href=\"https:\/\/www.kibuc.com\/es-ES\/Productos\/Ver\/W_ASAI_5\" target=\"_blank\" rel=\"noopener noreferrer\"><img decoding=\"async\" class=\"wp-image-9422 size-medium\" src=\"https:\/\/www.kibuc.com\/blog\/wp-content\/uploads\/2018\/09\/1315-K-Aiko-Dorm-0018-01-512x221.jpg\" alt=\"\" width=\"512\" height=\"221\" \/><\/a><figcaption id=\"caption-attachment-9422\" class=\"wp-caption-text\">Dormitorio Asai con escritorio<\/figcaption><\/figure>\n<h3><span class=\"ez-toc-section\" id=\"En_el_dormitorio_de_los_ninos_cada_centimetro_cuenta\"><\/span>En el dormitorio de los ni\u00f1os cada cent\u00edmetro cuenta<span class=\"ez-toc-section-end\"><\/span><\/h3>\n<figure id=\"attachment_9412\" aria-describedby=\"caption-attachment-9412\" style=\"width: 357px\" class=\"wp-caption aligncenter\"><a href=\"https:\/\/www.kibuc.com\/es-ES\/Productos\/Ver\/W_RINGO1_30\" target=\"_blank\" rel=\"noopener noreferrer\"><img decoding=\"async\" class=\"wp-image-9412\" src=\"https:\/\/www.kibuc.com\/blog\/wp-content\/uploads\/2018\/09\/RINGO-04-1-512x512.jpg\" alt=\"\" width=\"357\" height=\"357\" \/><\/a><figcaption id=\"caption-attachment-9412\" class=\"wp-caption-text\">Cama abatible horizontal<\/figcaption><\/figure>\n<p>Las camas abatibles pueden ser una buena elecci\u00f3n si el espacio del que se dispone para la habitaci\u00f3n de los ni\u00f1os no es muy grande. Durante el d\u00eda la cama puede estar recogida, y as\u00ed se dispondr\u00e1 de espacio para jugar o incluso para estudiar, de noche la cama se despliega para dormir.<\/p>\n<figure id=\"attachment_9413\" aria-describedby=\"caption-attachment-9413\" style=\"width: 512px\" class=\"wp-caption aligncenter\"><a href=\"https:\/\/www.kibuc.com\/es-ES\/Productos\/Ver\/W_RINGO1_30\" target=\"_blank\" rel=\"noopener noreferrer\"><img decoding=\"async\" class=\"wp-image-9413 size-medium\" src=\"https:\/\/www.kibuc.com\/blog\/wp-content\/uploads\/2018\/09\/RINGO-04-512x307.jpg\" alt=\"\" width=\"512\" height=\"307\" \/><\/a><figcaption id=\"caption-attachment-9413\" class=\"wp-caption-text\">Cama abatible horizontal cerrada<\/figcaption><\/figure>\n<figure id=\"attachment_9415\" aria-describedby=\"caption-attachment-9415\" style=\"width: 512px\" class=\"wp-caption aligncenter\"><a href=\"https:\/\/www.kibuc.com\/es-ES\/Productos\/Ver\/W_RINGO1_25\" target=\"_blank\" rel=\"noopener noreferrer\"><img decoding=\"async\" class=\"wp-image-9415 size-medium\" src=\"https:\/\/www.kibuc.com\/blog\/wp-content\/uploads\/2018\/09\/RINGO-25-1-512x358.jpg\" alt=\"\" width=\"512\" height=\"358\" \/><\/a><figcaption id=\"caption-attachment-9415\" class=\"wp-caption-text\">Doble cama abatible horizontal. Al cerrar la cama puede abrirse un escritorio plegable<\/figcaption><\/figure>\n<h3><span class=\"ez-toc-section\" id=\"En_la_habitacion_del_bebe_todo_esta_pensado_para_el_futuro\"><\/span>En la habitaci\u00f3n del beb\u00e9 todo est\u00e1 pensado para el futuro<span class=\"ez-toc-section-end\"><\/span><\/h3>\n<p>Cunas convertibles en camita o escritorio. Las cunas de la colecci\u00f3n Kids de Kibuc pueden convertirse de cuna en camita para cuando el beb\u00e9 crezca. La cuna DAR incluso se puede convertir en una camita, un sof\u00e1 o un escritorio adaptable a distintas alturas.<\/p>\n<figure id=\"attachment_9416\" aria-describedby=\"caption-attachment-9416\" style=\"width: 512px\" class=\"wp-caption aligncenter\"><a href=\"https:\/\/www.kibuc.com\/es-ES\/Productos\/Ver\/W_KIDS1_04\" target=\"_blank\" rel=\"noopener noreferrer\"><img decoding=\"async\" class=\"wp-image-9416 size-medium\" src=\"https:\/\/www.kibuc.com\/blog\/wp-content\/uploads\/2018\/09\/2440-Kibuc-Kids-003-A-Bruma-Hielo-512x307.jpg\" alt=\"\" width=\"512\" height=\"307\" \/><\/a><figcaption id=\"caption-attachment-9416\" class=\"wp-caption-text\">Cuna DAR de Kids, se convierte en un escritorio adaptable a distintas alturas y en un peque\u00f1o sof\u00e1<\/figcaption><\/figure>\n<figure id=\"attachment_9417\" aria-describedby=\"caption-attachment-9417\" style=\"width: 512px\" class=\"wp-caption aligncenter\"><a href=\"https:\/\/www.kibuc.com\/es-ES\/Productos\/Ver\/W_KIDS1_04\" target=\"_blank\" rel=\"noopener noreferrer\"><img decoding=\"async\" class=\"wp-image-9417 size-medium\" src=\"https:\/\/www.kibuc.com\/blog\/wp-content\/uploads\/2018\/09\/2445-Kibuc-Kids-003-det1-512x445.jpg\" alt=\"\" width=\"512\" height=\"445\" \/><\/a><figcaption id=\"caption-attachment-9417\" class=\"wp-caption-text\">Escritorio para jugar o dibujar, se adapta a distintas alturas<\/figcaption><\/figure>\n<figure id=\"attachment_9418\" aria-describedby=\"caption-attachment-9418\" style=\"width: 512px\" class=\"wp-caption aligncenter\"><a href=\"https:\/\/www.kibuc.com\/es-ES\/Productos\/Ver\/W_KIDS1_04\" target=\"_blank\" rel=\"noopener noreferrer\"><img decoding=\"async\" class=\"wp-image-9418 size-medium\" src=\"https:\/\/www.kibuc.com\/blog\/wp-content\/uploads\/2018\/09\/2447-Kibuc-Kids-003-det3-512x569.jpg\" alt=\"\" width=\"512\" height=\"569\" \/><\/a><figcaption id=\"caption-attachment-9418\" class=\"wp-caption-text\">Cuna DAR convertida en sof\u00e1<\/figcaption><\/figure>\n<p>El cambiador para el beb\u00e9 puede ser tambi\u00e9n una mesita donde pueda jugar o pintar. Se pueden adquirir cuatro patas de la colecci\u00f3n Kids por separado e incorporarlas en la parte inferior del cambiador.<\/p>\n<figure id=\"attachment_9419\" aria-describedby=\"caption-attachment-9419\" style=\"width: 353px\" class=\"wp-caption aligncenter\"><a href=\"https:\/\/www.kibuc.com\/es-ES\/Productos\/Ver\/W_KIDS1_07\" target=\"_blank\" rel=\"noopener noreferrer\"><img decoding=\"async\" class=\"wp-image-9419\" src=\"https:\/\/www.kibuc.com\/blog\/wp-content\/uploads\/2018\/09\/2422-Kibuc-Kids-Foto-0004-01-1-512x649.jpg\" alt=\"\" width=\"353\" height=\"447\" \/><\/a><figcaption id=\"caption-attachment-9419\" class=\"wp-caption-text\">El cambiador situado encima la c\u00f3moda puede convertirse en un peque\u00f1o tablero de juegos<\/figcaption><\/figure>\n<figure id=\"attachment_9420\" aria-describedby=\"caption-attachment-9420\" style=\"width: 344px\" class=\"wp-caption aligncenter\"><a href=\"https:\/\/www.kibuc.com\/es-ES\/Productos\/Ver\/W_KIDS1_07\" target=\"_blank\" rel=\"noopener noreferrer\"><img decoding=\"async\" class=\"wp-image-9420\" src=\"https:\/\/www.kibuc.com\/blog\/wp-content\/uploads\/2018\/09\/2425-Kibuc-Kids-Foto-0004-04-512x519.jpg\" alt=\"\" width=\"344\" height=\"349\" \/><\/a><figcaption id=\"caption-attachment-9420\" class=\"wp-caption-text\">El cambiador con las patas incorporadas ahora es un tablero de juego<\/figcaption><\/figure>\n<h4>\u00bfQu\u00e9 opci\u00f3n podr\u00eda facilitarte la vida en casa? \u00bfTe quedas con alguna? Puede que tambi\u00e9n te interese estos consejos <a href=\"https:\/\/www.kibuc.com\/blog\/trucos-de-decoracion-para-ampliar-espacios-pequenos-multiplica-tu-estilo\/\" target=\"_blank\" rel=\"noopener noreferrer\">Trucos de decoraci\u00f3n para ampliar espacios peque\u00f1os<\/a>\u00a0o <a href=\"https:\/\/www.kibuc.com\/blog\/trucos-para-decorar-salones-pequenos\/\" target=\"_blank\" rel=\"noopener noreferrer\">Ideas para mini espacios<\/a>.<\/h4>\n","protected":false},"excerpt":{"rendered":"<p>\u00bfTu casa tiene pocos metros cuadrados? Planificar bien como se puede aprovechar\u00a0el espacio es importante cuando se dispone de poco espacio. El mobiliario multifunci\u00f3n\u00a0tambi\u00e9n puede ser una buena opci\u00f3n porque puede ofrecerte soluciones pr\u00e1cticas para tu hogar. Toma nota de estos ejemplos y adapta tu casa con soluciones Kibuc. Pocos metros cuadrados pero muy vers\u00e1tiles [&hellip;]<\/p>\n","protected":false},"author":3,"featured_media":16139,"comment_status":"closed","ping_status":"closed","sticky":false,"template":"","format":"standard","meta":{"_acf_changed":false,"footnotes":""},"categories":[36],"tags":[999,1002],"class_list":["post-16138","post","type-post","status-publish","format-standard","has-post-thumbnail","hentry","category-productos","tag-auxiliares","tag-muebles"],"acf":[],"_links":{"self":[{"href":"https:\/\/www.kibuc.com\/blog\/wp-json\/wp\/v2\/posts\/16138","targetHints":{"allow":["GET"]}}],"collection":[{"href":"https:\/\/www.kibuc.com\/blog\/wp-json\/wp\/v2\/posts"}],"about":[{"href":"https:\/\/www.kibuc.com\/blog\/wp-json\/wp\/v2\/types\/post"}],"author":[{"embeddable":true,"href":"https:\/\/www.kibuc.com\/blog\/wp-json\/wp\/v2\/users\/3"}],"replies":[{"embeddable":true,"href":"https:\/\/www.kibuc.com\/blog\/wp-json\/wp\/v2\/comments?post=16138"}],"version-history":[{"count":1,"href":"https:\/\/www.kibuc.com\/blog\/wp-json\/wp\/v2\/posts\/16138\/revisions"}],"predecessor-version":[{"id":21047,"href":"https:\/\/www.kibuc.com\/blog\/wp-json\/wp\/v2\/posts\/16138\/revisions\/21047"}],"wp:featuredmedia":[{"embeddable":true,"href":"https:\/\/www.kibuc.com\/blog\/wp-json\/wp\/v2\/media\/16139"}],"wp:attachment":[{"href":"https:\/\/www.kibuc.com\/blog\/wp-json\/wp\/v2\/media?parent=16138"}],"wp:term":[{"taxonomy":"category","embeddable":true,"href":"https:\/\/www.kibuc.com\/blog\/wp-json\/wp\/v2\/categories?post=16138"},{"taxonomy":"post_tag","embeddable":true,"href":"https:\/\/www.kibuc.com\/blog\/wp-json\/wp\/v2\/tags?post=16138"}],"curies":[{"name":"wp","href":"https:\/\/api.w.org\/{rel}","templated":true}]}}