{"id":16099,"date":"2018-07-27T13:33:04","date_gmt":"2018-07-27T13:33:04","guid":{"rendered":"http:\/\/kibuc.com\/blog\/?p=9323"},"modified":"2022-09-29T06:14:16","modified_gmt":"2022-09-29T06:14:16","slug":"salones-en-color-blanco","status":"publish","type":"post","link":"https:\/\/www.kibuc.com\/blog\/salones-en-color-blanco\/","title":{"rendered":"Salones en blanco con un toque natural"},"content":{"rendered":"<h4><a href=\"https:\/\/www.kibuc.com\/es-ES\/Productos\/Ver\/W_ATHOS1_05\"><img decoding=\"async\" class=\"size-medium wp-image-9325 aligncenter\" src=\"https:\/\/www.kibuc.com\/blog\/wp-content\/uploads\/2018\/07\/1576-K-Athos-0010-512x307.jpg\" alt=\"\" width=\"512\" height=\"307\" \/><\/a><\/h4>\n<h4>Apostar por el color blanco para el sal\u00f3n es una apuesta de \u00e9xito. En las \u00faltimas temporadas, el blanco vuelve a estar a la orden del d\u00eda en dise\u00f1o de interiores y de mobiliario. El blanco da amplitud, claridad, calma y es totalmente combinable con infinidad de colores y estilos. Una de estas combinaciones que puede quedar genial en tu sal\u00f3n es el blanco combinado con madera natural. Un mix que aportar\u00e1 simplicidad y naturalidad al sal\u00f3n. Estas ideas de comedores en blanco con un toque natural te van a inspirar.<\/h4>\n<div id=\"ez-toc-container\" class=\"ez-toc-v2_0_82_2 counter-hierarchy ez-toc-counter ez-toc-grey ez-toc-container-direction\">\n<div class=\"ez-toc-title-container\">\n<p class=\"ez-toc-title\" style=\"cursor:inherit\">\u00cdndice de contenido<\/p>\n<span class=\"ez-toc-title-toggle\"><\/span><\/div>\n<nav><ul class='ez-toc-list ez-toc-list-level-1 ' ><li class='ez-toc-page-1 ez-toc-heading-level-3'><a class=\"ez-toc-link ez-toc-heading-1\" href=\"https:\/\/www.kibuc.com\/blog\/salones-en-color-blanco\/#Serenidad_al_poder\" >Serenidad al poder<\/a><\/li><li class='ez-toc-page-1 ez-toc-heading-level-3'><a class=\"ez-toc-link ez-toc-heading-2\" href=\"https:\/\/www.kibuc.com\/blog\/salones-en-color-blanco\/#Calidez_de_la_madera\" >Calidez de la madera<\/a><\/li><li class='ez-toc-page-1 ez-toc-heading-level-3'><a class=\"ez-toc-link ez-toc-heading-3\" href=\"https:\/\/www.kibuc.com\/blog\/salones-en-color-blanco\/#Maderas_a_lo_mas_natural\" >Maderas a lo m\u00e1s natural<\/a><\/li><li class='ez-toc-page-1 ez-toc-heading-level-3'><a class=\"ez-toc-link ez-toc-heading-4\" href=\"https:\/\/www.kibuc.com\/blog\/salones-en-color-blanco\/#Blanco_y_texturas_naturales\" >Blanco y texturas naturales<\/a><\/li><li class='ez-toc-page-1 ez-toc-heading-level-3'><a class=\"ez-toc-link ez-toc-heading-5\" href=\"https:\/\/www.kibuc.com\/blog\/salones-en-color-blanco\/#Mix_atrevido\" >Mix atrevido<\/a><\/li><li class='ez-toc-page-1 ez-toc-heading-level-3'><a class=\"ez-toc-link ez-toc-heading-6\" href=\"https:\/\/www.kibuc.com\/blog\/salones-en-color-blanco\/#Base_neutra\" >Base neutra<\/a><\/li><\/ul><\/nav><\/div>\n<h3><span class=\"ez-toc-section\" id=\"Serenidad_al_poder\"><\/span><strong>Serenidad al poder<\/strong><span class=\"ez-toc-section-end\"><\/span><\/h3>\n<figure id=\"attachment_9324\" aria-describedby=\"caption-attachment-9324\" style=\"width: 512px\" class=\"wp-caption aligncenter\"><a href=\"https:\/\/www.kibuc.com\/es-ES\/Productos\/Ver\/W_ATHOS1_06\"><img decoding=\"async\" class=\"wp-image-9324 size-medium\" src=\"https:\/\/www.kibuc.com\/blog\/wp-content\/uploads\/2018\/07\/1556-K-ATHOS-0020-512x307.jpg\" alt=\"\" width=\"512\" height=\"307\" \/><\/a><figcaption id=\"caption-attachment-9324\" class=\"wp-caption-text\">Sal\u00f3n Athos<\/figcaption><\/figure>\n<p>Con un mueble de TV peque\u00f1o y combinado por un bufet, mesa de centro con los mismos acabados y un sof\u00e1 a juego se puede crear un espacio sereno y tranquilo al mismo tiempo.<\/p>\n<h3><span class=\"ez-toc-section\" id=\"Calidez_de_la_madera\"><\/span><strong>Calidez de la madera<\/strong><span class=\"ez-toc-section-end\"><\/span><\/h3>\n<figure id=\"attachment_9326\" aria-describedby=\"caption-attachment-9326\" style=\"width: 512px\" class=\"wp-caption aligncenter\"><img decoding=\"async\" class=\"wp-image-9326 size-medium\" src=\"https:\/\/www.kibuc.com\/blog\/wp-content\/uploads\/2018\/07\/2004-Kibuc-Aurea-Foto-0002-01-512x307.jpg\" alt=\"\" width=\"512\" height=\"307\" \/><figcaption id=\"caption-attachment-9326\" class=\"wp-caption-text\">Sal\u00f3n \u00c1urea con acabado oak nudos en chapa natural<\/figcaption><\/figure>\n<p>En este sal\u00f3n todos los frentes del mueble est\u00e1n en acabado oak nudos. Gracias a la madera el espacio se transforma en un ambiente acogedor. El blanco aporta claridad y calma, la madera calidez.<\/p>\n<h3><span class=\"ez-toc-section\" id=\"Maderas_a_lo_mas_natural\"><\/span><strong>Maderas a lo m\u00e1s natural<\/strong><span class=\"ez-toc-section-end\"><\/span><\/h3>\n<figure id=\"attachment_9330\" aria-describedby=\"caption-attachment-9330\" style=\"width: 512px\" class=\"wp-caption aligncenter\"><a href=\"https:\/\/www.kibuc.com\/es-ES\/Productos\/Listar\/Comedores\/Bufets?Order_colecc=&amp;Filtre_Coleccions=770&amp;target=-1&amp;tipo=&amp;preu_min=&amp;preu_max=&amp;valor_grup=\"><img decoding=\"async\" class=\"wp-image-9330 size-medium\" src=\"https:\/\/www.kibuc.com\/blog\/wp-content\/uploads\/2018\/07\/2230-Kibuc-Transfer-Plus-0002-512x602.jpg\" alt=\"\" width=\"512\" height=\"602\" \/><\/a><figcaption id=\"caption-attachment-9330\" class=\"wp-caption-text\">Bufet colecci\u00f3n Transfer Plus en acabado roble rustic<\/figcaption><\/figure>\n<p>Con nudos y ra\u00edces visibles, un efecto que le da mucha autenticidad al mueble. En este caso la madera se ve poco trabajada, un detalle que sigue la tendencia \u201craw\u201d en dise\u00f1o de mobiliario. Este efecto junto con el blanco crean piezas as\u00ed de impresionantes.<\/p>\n<h3><span class=\"ez-toc-section\" id=\"Blanco_y_texturas_naturales\"><\/span><strong>Blanco y texturas naturales<\/strong><span class=\"ez-toc-section-end\"><\/span><\/h3>\n<figure id=\"attachment_9325\" aria-describedby=\"caption-attachment-9325\" style=\"width: 512px\" class=\"wp-caption aligncenter\"><a href=\"https:\/\/www.kibuc.com\/es-ES\/Productos\/Ver\/W_ATHOS1_05\"><img decoding=\"async\" class=\"wp-image-9325 size-medium\" src=\"https:\/\/www.kibuc.com\/blog\/wp-content\/uploads\/2018\/07\/1576-K-Athos-0010-512x307.jpg\" alt=\"\" width=\"512\" height=\"307\" \/><\/a><figcaption id=\"caption-attachment-9325\" class=\"wp-caption-text\">Composici\u00f3n para sal\u00f3n colecci\u00f3n Athos<\/figcaption><\/figure>\n<p>El blanco en el mueble da mucho juego para combinar con distintos colores o texturas. En este caso, las alfombras de fibras naturales y colores beige y marr\u00f3n crean una atm\u00f3sfera muy natural. Los cojines, objetos de mimbre en el mueble y la tapicer\u00eda del sof\u00e1 tambi\u00e9n van a juego.<\/p>\n<h3><span class=\"ez-toc-section\" id=\"Mix_atrevido\"><\/span><strong>Mix atrevido<\/strong><span class=\"ez-toc-section-end\"><\/span><\/h3>\n<figure id=\"attachment_9328\" aria-describedby=\"caption-attachment-9328\" style=\"width: 512px\" class=\"wp-caption aligncenter\"><a href=\"https:\/\/www.kibuc.com\/es-ES\/Productos\/Ver\/W_AUREA_09\"><img decoding=\"async\" class=\"wp-image-9328 size-medium\" src=\"https:\/\/www.kibuc.com\/blog\/wp-content\/uploads\/2018\/07\/2027-Kibuc-Aurea-0012-512x256.jpg\" alt=\"\" width=\"512\" height=\"256\" \/><\/a><figcaption id=\"caption-attachment-9328\" class=\"wp-caption-text\">Sal\u00f3n comedor \u00c1urea<\/figcaption><\/figure>\n<p>Una propuesta donde el blanco es el protagonista pero la madera de la mesa y algunos detalles del bufet o la mesa de centro dan calidez y a la vez dinamismo.<\/p>\n<figure id=\"attachment_9329\" aria-describedby=\"caption-attachment-9329\" style=\"width: 400px\" class=\"wp-caption aligncenter\"><a href=\"https:\/\/www.kibuc.com\/es-ES\/Productos\/Ver\/W_AURX_12\"><img decoding=\"async\" class=\"wp-image-9329\" src=\"https:\/\/www.kibuc.com\/blog\/wp-content\/uploads\/2018\/07\/2028-Kibuc-Aurea-0012det1-512x561.jpg\" alt=\"\" width=\"400\" height=\"438\" \/><\/a><figcaption id=\"caption-attachment-9329\" class=\"wp-caption-text\">Bufet \u00c1urea<\/figcaption><\/figure>\n<h3><span class=\"ez-toc-section\" id=\"Base_neutra\"><\/span><strong>Base neutra<\/strong><span class=\"ez-toc-section-end\"><\/span><\/h3>\n<figure id=\"attachment_9327\" aria-describedby=\"caption-attachment-9327\" style=\"width: 512px\" class=\"wp-caption aligncenter\"><a href=\"https:\/\/www.kibuc.com\/es-ES\/Productos\/Ver\/W_AUREA_02\"><img decoding=\"async\" class=\"wp-image-9327 size-medium\" src=\"https:\/\/www.kibuc.com\/blog\/wp-content\/uploads\/2018\/07\/2008-Kibuc-Aurea-Foto-0004-01-512x307.jpg\" alt=\"\" width=\"512\" height=\"307\" \/><\/a><figcaption id=\"caption-attachment-9327\" class=\"wp-caption-text\">Sal\u00f3n completo colecci\u00f3n \u00c1urea<\/figcaption><\/figure>\n<p>El blanco con la madera crea una base neutra de color que puede combinarse con m\u00e1s colores. En este caso, los colores de la tapicer\u00eda del sof\u00e1 junto con otros detalles decorativos dan movimiento y energ\u00eda al sal\u00f3n.<\/p>\n<h4>El blanco nunca pasa de moda, se ve siempre actual, joven y de tendencia. Apostar por el color blanco es siempre un acierto. \u00bfEn qu\u00e9 color elegir\u00edas los muebles del sal\u00f3n? \u00bfQu\u00e9 te parece la combinaci\u00f3n con la madera? Tambi\u00e9n puedes inspirarte con <a href=\"https:\/\/www.kibuc.com\/blog\/nueva-coleccion-comedores-kibuc\/\" target=\"_blank\" rel=\"noopener noreferrer\">\u00bfPor qu\u00e9 tienes que conocer lo nuevo en combinaci\u00f3n de materiales?<\/a>\u00a0 o <a href=\"https:\/\/www.kibuc.com\/blog\/si-a-las-mesas-de-centro-razones-para-amarlas\/\" target=\"_blank\" rel=\"noopener noreferrer\">S\u00ed a las mesas de centro. Razones para amarlas.<\/a><\/h4>\n<p>&nbsp;<\/p>\n<p>&nbsp;<\/p>\n<p>&nbsp;<\/p>\n<p>&nbsp;<\/p>\n<p>&nbsp;<\/p>\n<p>&nbsp;<\/p>\n","protected":false},"excerpt":{"rendered":"<p>Apostar por el color blanco para el sal\u00f3n es una apuesta de \u00e9xito. En las \u00faltimas temporadas, el blanco vuelve a estar a la orden del d\u00eda en dise\u00f1o de interiores y de mobiliario. El blanco da amplitud, claridad, calma y es totalmente combinable con infinidad de colores y estilos. Una de estas combinaciones que [&hellip;]<\/p>\n","protected":false},"author":3,"featured_media":16100,"comment_status":"closed","ping_status":"closed","sticky":false,"template":"","format":"standard","meta":{"_acf_changed":false,"footnotes":""},"categories":[35],"tags":[916,926],"class_list":["post-16099","post","type-post","status-publish","format-standard","has-post-thumbnail","hentry","category-estancias","tag-inspiracion","tag-salones"],"acf":[],"_links":{"self":[{"href":"https:\/\/www.kibuc.com\/blog\/wp-json\/wp\/v2\/posts\/16099","targetHints":{"allow":["GET"]}}],"collection":[{"href":"https:\/\/www.kibuc.com\/blog\/wp-json\/wp\/v2\/posts"}],"about":[{"href":"https:\/\/www.kibuc.com\/blog\/wp-json\/wp\/v2\/types\/post"}],"author":[{"embeddable":true,"href":"https:\/\/www.kibuc.com\/blog\/wp-json\/wp\/v2\/users\/3"}],"replies":[{"embeddable":true,"href":"https:\/\/www.kibuc.com\/blog\/wp-json\/wp\/v2\/comments?post=16099"}],"version-history":[{"count":1,"href":"https:\/\/www.kibuc.com\/blog\/wp-json\/wp\/v2\/posts\/16099\/revisions"}],"predecessor-version":[{"id":21048,"href":"https:\/\/www.kibuc.com\/blog\/wp-json\/wp\/v2\/posts\/16099\/revisions\/21048"}],"wp:featuredmedia":[{"embeddable":true,"href":"https:\/\/www.kibuc.com\/blog\/wp-json\/wp\/v2\/media\/16100"}],"wp:attachment":[{"href":"https:\/\/www.kibuc.com\/blog\/wp-json\/wp\/v2\/media?parent=16099"}],"wp:term":[{"taxonomy":"category","embeddable":true,"href":"https:\/\/www.kibuc.com\/blog\/wp-json\/wp\/v2\/categories?post=16099"},{"taxonomy":"post_tag","embeddable":true,"href":"https:\/\/www.kibuc.com\/blog\/wp-json\/wp\/v2\/tags?post=16099"}],"curies":[{"name":"wp","href":"https:\/\/api.w.org\/{rel}","templated":true}]}}