{"id":15788,"date":"2017-06-07T17:07:54","date_gmt":"2017-06-07T17:07:54","guid":{"rendered":"http:\/\/kibuc.com\/blog\/?p=8741"},"modified":"2022-09-29T06:14:25","modified_gmt":"2022-09-29T06:14:25","slug":"cunas-convertibles-kibuc-habitaciones-de-0-a-los-12-anos","status":"publish","type":"post","link":"https:\/\/www.kibuc.com\/blog\/cunas-convertibles-kibuc-habitaciones-de-0-a-los-12-anos\/","title":{"rendered":"Cunas convertibles Kibuc, habitaciones de 0 a los 12 a\u00f1os"},"content":{"rendered":"<h4><img decoding=\"async\" class=\"aligncenter size-full wp-image-8752\" src=\"https:\/\/www.kibuc.com\/blog\/wp-content\/uploads\/2017\/06\/cuna-convertible-bebe_1.jpg\" alt=\"\" width=\"406\" height=\"477\" \/><\/h4>\n<h4><em>Todos sabemos que la llegada del beb\u00e9 a la familia representa un gran cambio en un hogar. \u00bfC\u00f3mo debe ser la habitaci\u00f3n del beb\u00e9? \u00bfQu\u00e9 es mejor, un mois\u00e9s o una cuna? \u00bfY cu\u00e1ndo crezca, c\u00f3mo podemos organizar la habitaci\u00f3n? Tranquilos, porque hoy os presentamos una soluci\u00f3n muy pr\u00e1ctica, las habitaciones convertibles Kibuc que crecen y se adaptan a los cambios y crecimiento del beb\u00e9.<\/em><\/h4>\n<p>Los beb\u00e9s crecen rapid\u00edsimo y cada etapa es diferente, por eso Kibuc apuesta por habitaciones que les permitan un desarrollo correcto de sus necesidades en cada momento. En el momento de invertir cierto dinero para darle una buen bienvenida al beb\u00e9, se debe\u00a0pensar que esta etapa es breve, por eso apostar por las <strong>habitaciones convertibles <\/strong>puede ser una buena inversi\u00f3n de cara al futuro. De este modo, el mobiliario de la habitaci\u00f3n se ir\u00e1 adaptando a su edad y crecimiento, en contraposici\u00f3n al mobiliario b\u00e1sico que va a tener una duraci\u00f3n temporal.<\/p>\n<p>Las\u00a0cunas convertibles Kibuc est\u00e1n dise\u00f1adas\u00a0para cubrir tres etapas de la vida del beb\u00e9:<\/p>\n<div id=\"ez-toc-container\" class=\"ez-toc-v2_0_82_2 counter-hierarchy ez-toc-counter ez-toc-grey ez-toc-container-direction\">\n<div class=\"ez-toc-title-container\">\n<p class=\"ez-toc-title\" style=\"cursor:inherit\">\u00cdndice de contenido<\/p>\n<span class=\"ez-toc-title-toggle\"><\/span><\/div>\n<nav><ul class='ez-toc-list ez-toc-list-level-1 ' ><li class='ez-toc-page-1 ez-toc-heading-level-3'><a class=\"ez-toc-link ez-toc-heading-1\" href=\"https:\/\/www.kibuc.com\/blog\/cunas-convertibles-kibuc-habitaciones-de-0-a-los-12-anos\/#De_los_0_a_los_2_anos\" >De los 0 a los 2 a\u00f1os<\/a><\/li><li class='ez-toc-page-1 ez-toc-heading-level-3'><a class=\"ez-toc-link ez-toc-heading-2\" href=\"https:\/\/www.kibuc.com\/blog\/cunas-convertibles-kibuc-habitaciones-de-0-a-los-12-anos\/#De_los_2_a_los_4_anos\" >De los 2 a los 4 a\u00f1os<\/a><\/li><li class='ez-toc-page-1 ez-toc-heading-level-3'><a class=\"ez-toc-link ez-toc-heading-3\" href=\"https:\/\/www.kibuc.com\/blog\/cunas-convertibles-kibuc-habitaciones-de-0-a-los-12-anos\/#De_los_4_a_los_12\" >De los 4 a los 12<\/a><\/li><\/ul><\/nav><\/div>\n<h3><span class=\"ez-toc-section\" id=\"De_los_0_a_los_2_anos\"><\/span><span style=\"color: #ff9900;\"><strong>De los 0 a los 2 a\u00f1os<\/strong><\/span><span class=\"ez-toc-section-end\"><\/span><\/h3>\n<p><a href=\"https:\/\/www.kibuc.com\/es-ES\/Productos\/Ver\/W_KIDS_1A\" target=\"_blank\" rel=\"noopener noreferrer\"><img decoding=\"async\" class=\"aligncenter size-medium wp-image-8745\" src=\"https:\/\/www.kibuc.com\/blog\/wp-content\/uploads\/2017\/06\/cuna-convertible-bebe-512x310.jpg\" alt=\"\" width=\"512\" height=\"310\" \/><\/a><\/p>\n<p>Durante los primeros meses de vida del beb\u00e9, es preferible que duerma en un mois\u00e9s. Con los d\u00edas el beb\u00e9 crecer\u00e1 muy r\u00e1pido y necesitar\u00e1 un espacio m\u00e1s grande con multitud de soluciones para todas sus necesidades. Las<strong> cunas convertibles<\/strong> de Kibuc est\u00e1n dise\u00f1adas con\u00a0una <strong>cuna<\/strong>, un <strong>cambiador<\/strong> y una <strong>zona de cajones<\/strong> para almacenar cosas.\u00a0En un s\u00f3lo mueble se puede tener todo lo necesario para el d\u00eda a d\u00eda del beb\u00e9, as\u00ed no hace falta tener\u00a0muchos m\u00e1s muebles m\u00e1s en la habitaci\u00f3n.<\/p>\n<h3><span class=\"ez-toc-section\" id=\"De_los_2_a_los_4_anos\"><\/span><span style=\"color: #ff9900;\">De los 2 a los 4 a\u00f1os<\/span><span class=\"ez-toc-section-end\"><\/span><\/h3>\n<p><a href=\"https:\/\/www.kibuc.com\/es-ES\/Productos\/Ver\/W_KIDS_1BA\" target=\"_blank\" rel=\"noopener noreferrer\"><img decoding=\"async\" class=\"aligncenter size-medium wp-image-8747\" src=\"https:\/\/www.kibuc.com\/blog\/wp-content\/uploads\/2017\/06\/cuna-conertible-2a-etapa-512x310.jpg\" alt=\"\" width=\"512\" height=\"310\" \/><\/a><\/p>\n<p>Cuando el beb\u00e9 haya cumplido los <strong>2\u00a0a\u00f1os<\/strong>,\u00a0la habitaci\u00f3n se transforma, el espacio de la cuna se aprovecha como <strong>zona\u00a0de juego<\/strong> y el caj\u00f3n inferior se convierte en una <strong>cama a ras del suelo<\/strong> para que el ni\u00f1o duerma. Esta cama baja proporciona al ni\u00f1o <strong>autonom\u00eda<\/strong> y a los padres tranquilidad.<\/p>\n<figure id=\"attachment_8749\" aria-describedby=\"caption-attachment-8749\" style=\"width: 511px\" class=\"wp-caption aligncenter\"><a href=\"https:\/\/www.kibuc.com\/es-ES\/Productos\/Ver\/W_KIDS_1BA\" target=\"_blank\" rel=\"noopener noreferrer\"><img decoding=\"async\" class=\"wp-image-8749 size-full\" src=\"https:\/\/www.kibuc.com\/blog\/wp-content\/uploads\/2017\/06\/cuna-convertible-2a-etapa_3.jpg\" alt=\"\" width=\"511\" height=\"568\" \/><\/a><figcaption id=\"caption-attachment-8749\" class=\"wp-caption-text\">Cama baja para la seguridad e independencia del ni\u00f1o<\/figcaption><\/figure>\n<figure id=\"attachment_8748\" aria-describedby=\"caption-attachment-8748\" style=\"width: 512px\" class=\"wp-caption aligncenter\"><a href=\"https:\/\/www.kibuc.com\/es-ES\/Productos\/Ver\/W_KIDS_1BA\" target=\"_blank\" rel=\"noopener noreferrer\"><img decoding=\"async\" class=\"wp-image-8748 size-medium\" src=\"https:\/\/www.kibuc.com\/blog\/wp-content\/uploads\/2017\/06\/cuna-convertible-2a-etapa_2-512x341.jpg\" alt=\"\" width=\"512\" height=\"341\" \/><\/a><figcaption id=\"caption-attachment-8748\" class=\"wp-caption-text\">Ahora el espacio de la cuna es un espacio de juego<\/figcaption><\/figure>\n<h3><span class=\"ez-toc-section\" id=\"De_los_4_a_los_12\"><\/span><span style=\"color: #ff9900;\">De los 4 a los 12<\/span><span class=\"ez-toc-section-end\"><\/span><\/h3>\n<p><a href=\"https:\/\/www.kibuc.com\/es-ES\/Productos\/Ver\/W_KIDS_1BA\" target=\"_blank\" rel=\"noopener noreferrer\"><img decoding=\"async\" class=\"aligncenter size-medium wp-image-8746\" src=\"https:\/\/www.kibuc.com\/blog\/wp-content\/uploads\/2017\/06\/cuna-convertible-3a-etapa-512x310.jpg\" alt=\"\" width=\"512\" height=\"310\" \/><\/a><\/p>\n<p>A partir de los <strong>4 a\u00f1os<\/strong>, el ni\u00f1o ser\u00e1 mucho m\u00e1s <strong>independiente<\/strong> y necesitar\u00e1 m\u00e1s espacio. En esta fase la habitaci\u00f3n se transformar\u00e1 en una cama compacta con <strong>cajones para guardar juguetes<\/strong> y en la zona inferior tendr\u00e1 una <strong>cama nido<\/strong> para cuando haya visitas que se queden a dormir.\u00a0Esta configuraci\u00f3n de la habitaci\u00f3n les permitir\u00e1 tener su habitaci\u00f3n como un espacio c\u00e1lido, \u00edntimo y propio hasta los <strong>12 a\u00f1os de edad<\/strong>.<\/p>\n<figure id=\"attachment_8750\" aria-describedby=\"caption-attachment-8750\" style=\"width: 512px\" class=\"wp-caption aligncenter\"><a href=\"https:\/\/www.kibuc.com\/es-ES\/Productos\/Ver\/W_KIDS_1BA\" target=\"_blank\" rel=\"noopener noreferrer\"><img decoding=\"async\" class=\"wp-image-8750 size-medium\" src=\"https:\/\/www.kibuc.com\/blog\/wp-content\/uploads\/2017\/06\/cuna-convertible-3a-etapa_2-512x534.jpg\" alt=\"\" width=\"512\" height=\"534\" \/><\/a><figcaption id=\"caption-attachment-8750\" class=\"wp-caption-text\">Cama compacta con cama nido para los amigos que se queden a dormir<\/figcaption><\/figure>\n<figure id=\"attachment_8751\" aria-describedby=\"caption-attachment-8751\" style=\"width: 512px\" class=\"wp-caption aligncenter\"><a href=\"https:\/\/www.kibuc.com\/es-ES\/Productos\/Ver\/W_KIDS_1BA\" target=\"_blank\" rel=\"noopener noreferrer\"><img decoding=\"async\" class=\"wp-image-8751 size-medium\" src=\"https:\/\/www.kibuc.com\/blog\/wp-content\/uploads\/2017\/06\/cuna-convertible-3a-etapa_3-512x425.jpg\" alt=\"\" width=\"512\" height=\"425\" \/><\/a><figcaption id=\"caption-attachment-8751\" class=\"wp-caption-text\">Cajones donde guardar cosas para tener siempre a mano<\/figcaption><\/figure>\n<h4><em>Estas\u00a0habitaciones se transforman con el tiempo a medida que los ni\u00f1os\u00a0van creciendo amortizando la inversi\u00f3n inicial. En colecci\u00f3n Kids de habitaciones infantiles tambi\u00e9n cuenta con otras opciones m\u00e1s convencionales con cunas independientes. Puedes verlas en las siguientes entradas <u><a href=\"https:\/\/www.kibuc.com\/blog\/cunas-colecho-de-la-coleccion-kids-practicar-el-colecho-con-seguridad\/\" target=\"_blank\" rel=\"noopener noreferrer\">Cunas colecho Kibuc<\/a>\u00a0y <a href=\"https:\/\/www.kibuc.com\/blog\/almacenaje-en-la-habitacion-del-bebe-todo-en-orden-baby\/\" target=\"_blank\" rel=\"noopener noreferrer\">Muebles para almacenar cosas en la habitaci\u00f3n del beb\u00e9<\/a>.<\/u><\/em><\/h4>\n","protected":false},"excerpt":{"rendered":"<p>Todos sabemos que la llegada del beb\u00e9 a la familia representa un gran cambio en un hogar. \u00bfC\u00f3mo debe ser la habitaci\u00f3n del beb\u00e9? \u00bfQu\u00e9 es mejor, un mois\u00e9s o una cuna? \u00bfY cu\u00e1ndo crezca, c\u00f3mo podemos organizar la habitaci\u00f3n? Tranquilos, porque hoy os presentamos una soluci\u00f3n muy pr\u00e1ctica, las habitaciones convertibles Kibuc que crecen [&hellip;]<\/p>\n","protected":false},"author":3,"featured_media":15789,"comment_status":"closed","ping_status":"closed","sticky":false,"template":"","format":"standard","meta":{"_acf_changed":false,"footnotes":""},"categories":[35],"tags":[907,913],"class_list":["post-15788","post","type-post","status-publish","format-standard","has-post-thumbnail","hentry","category-estancias","tag-cunas","tag-dormitorios-infantiles"],"acf":[],"_links":{"self":[{"href":"https:\/\/www.kibuc.com\/blog\/wp-json\/wp\/v2\/posts\/15788","targetHints":{"allow":["GET"]}}],"collection":[{"href":"https:\/\/www.kibuc.com\/blog\/wp-json\/wp\/v2\/posts"}],"about":[{"href":"https:\/\/www.kibuc.com\/blog\/wp-json\/wp\/v2\/types\/post"}],"author":[{"embeddable":true,"href":"https:\/\/www.kibuc.com\/blog\/wp-json\/wp\/v2\/users\/3"}],"replies":[{"embeddable":true,"href":"https:\/\/www.kibuc.com\/blog\/wp-json\/wp\/v2\/comments?post=15788"}],"version-history":[{"count":1,"href":"https:\/\/www.kibuc.com\/blog\/wp-json\/wp\/v2\/posts\/15788\/revisions"}],"predecessor-version":[{"id":21095,"href":"https:\/\/www.kibuc.com\/blog\/wp-json\/wp\/v2\/posts\/15788\/revisions\/21095"}],"wp:featuredmedia":[{"embeddable":true,"href":"https:\/\/www.kibuc.com\/blog\/wp-json\/wp\/v2\/media\/15789"}],"wp:attachment":[{"href":"https:\/\/www.kibuc.com\/blog\/wp-json\/wp\/v2\/media?parent=15788"}],"wp:term":[{"taxonomy":"category","embeddable":true,"href":"https:\/\/www.kibuc.com\/blog\/wp-json\/wp\/v2\/categories?post=15788"},{"taxonomy":"post_tag","embeddable":true,"href":"https:\/\/www.kibuc.com\/blog\/wp-json\/wp\/v2\/tags?post=15788"}],"curies":[{"name":"wp","href":"https:\/\/api.w.org\/{rel}","templated":true}]}}