{"id":15380,"date":"2016-07-19T15:35:43","date_gmt":"2016-07-19T15:35:43","guid":{"rendered":"https:\/\/kibuc.com\/blog\/?p=7997"},"modified":"2022-09-29T06:14:50","modified_gmt":"2022-09-29T06:14:50","slug":"elegir-mesa-de-centro","status":"publish","type":"post","link":"https:\/\/www.kibuc.com\/blog\/elegir-mesa-de-centro\/","title":{"rendered":"Elegir mesa de centro seg\u00fan tus necesidades"},"content":{"rendered":"<p>La <strong>mesa de centro<\/strong> puede ser el elemento\u00a0definitivo para dar vida a nuestro sal\u00f3n, es una de las piezas b\u00e1sicas que sumar\u00e1 comodidad, funcionalidad o solamente aportar\u00e1 un toque a la decoraci\u00f3n del comedor o sala de estar.<\/p>\n<p>Para elegir la que mejor nos quedar\u00e1 en la sala, primero tenemos que tener en cuenta el espacio del que disponemos y el uso que le vamos a dar. Tambi\u00e9n debemos tener en cuenta el dise\u00f1o y est\u00e9tica que no tendr\u00eda que desentonar con el resto del mobiliario.<\/p>\n<p>Extensibles, altas, bajas, redondas, de mil y un materiales, las combinaciones son infinitas. Estas son algunas ideas y propuestas Kibuc. \u00a1A ver qu\u00e9 os parece! \ud83d\ude09<\/p>\n<div id=\"ez-toc-container\" class=\"ez-toc-v2_0_82_2 counter-hierarchy ez-toc-counter ez-toc-grey ez-toc-container-direction\">\n<div class=\"ez-toc-title-container\">\n<p class=\"ez-toc-title\" style=\"cursor:inherit\">\u00cdndice de contenido<\/p>\n<span class=\"ez-toc-title-toggle\"><\/span><\/div>\n<nav><ul class='ez-toc-list ez-toc-list-level-1 ' ><li class='ez-toc-page-1 ez-toc-heading-level-3'><a class=\"ez-toc-link ez-toc-heading-1\" href=\"https:\/\/www.kibuc.com\/blog\/elegir-mesa-de-centro\/#Para_espacios_pequenos\" >Para espacios peque\u00f1os<\/a><\/li><li class='ez-toc-page-1 ez-toc-heading-level-3'><a class=\"ez-toc-link ez-toc-heading-2\" href=\"https:\/\/www.kibuc.com\/blog\/elegir-mesa-de-centro\/#Almacena_cosas\" >Almacena cosas<\/a><\/li><li class='ez-toc-page-1 ez-toc-heading-level-3'><a class=\"ez-toc-link ez-toc-heading-3\" href=\"https:\/\/www.kibuc.com\/blog\/elegir-mesa-de-centro\/#Arriba_la_funcionalidad\" >Arriba la funcionalidad<\/a><\/li><li class='ez-toc-page-1 ez-toc-heading-level-3'><a class=\"ez-toc-link ez-toc-heading-4\" href=\"https:\/\/www.kibuc.com\/blog\/elegir-mesa-de-centro\/#Formas_organicas\" >Formas org\u00e1nicas<\/a><\/li><li class='ez-toc-page-1 ez-toc-heading-level-3'><a class=\"ez-toc-link ez-toc-heading-5\" href=\"https:\/\/www.kibuc.com\/blog\/elegir-mesa-de-centro\/#Robustas_y_con_mucho_caracter\" >Robustas y con mucho car\u00e1cter<\/a><\/li><li class='ez-toc-page-1 ez-toc-heading-level-3'><a class=\"ez-toc-link ez-toc-heading-6\" href=\"https:\/\/www.kibuc.com\/blog\/elegir-mesa-de-centro\/#La_elegancia_del_cristal\" >La elegancia del cristal<\/a><\/li><li class='ez-toc-page-1 ez-toc-heading-level-3'><a class=\"ez-toc-link ez-toc-heading-7\" href=\"https:\/\/www.kibuc.com\/blog\/elegir-mesa-de-centro\/#Aprovecha_hasta_el_ultimo_centimetro_del_salon\" >Aprovecha hasta el \u00faltimo cent\u00edmetro del sal\u00f3n<\/a><\/li><li class='ez-toc-page-1 ez-toc-heading-level-3'><a class=\"ez-toc-link ez-toc-heading-8\" href=\"https:\/\/www.kibuc.com\/blog\/elegir-mesa-de-centro\/#Con_un_toque_de_luz\" >Con un toque de luz<\/a><\/li><\/ul><\/nav><\/div>\n<h3><span class=\"ez-toc-section\" id=\"Para_espacios_pequenos\"><\/span><strong>Para espacios peque\u00f1os<\/strong><span class=\"ez-toc-section-end\"><\/span><\/h3>\n<p><img decoding=\"async\" class=\"aligncenter size-medium wp-image-8001\" src=\"https:\/\/www.kibuc.com\/blog\/wp-content\/uploads\/2016\/07\/mesa-centro-redonda-512x294.jpg\" alt=\"mesa-centro-redonda\" width=\"512\" height=\"294\" \/><\/p>\n<p><img decoding=\"async\" class=\"aligncenter size-medium wp-image-8008\" src=\"https:\/\/www.kibuc.com\/blog\/wp-content\/uploads\/2016\/07\/conjunto-mesas-redondas-512x310.jpg\" alt=\"conjunto-mesas-redondas\" width=\"512\" height=\"310\" \/>Perfectas para espacios peque\u00f1os y con poco espacio. Pueden colocarse delante del sof\u00e1 o justo a un lado si se requiere de m\u00e1s espacio. Tambi\u00e9n se pueden combinar varias de distintos tama\u00f1os o colores.<\/p>\n<h3><span class=\"ez-toc-section\" id=\"Almacena_cosas\"><\/span><strong>Almacena cosas<\/strong><span class=\"ez-toc-section-end\"><\/span><\/h3>\n<p><img decoding=\"async\" class=\"aligncenter size-medium wp-image-7999\" src=\"https:\/\/www.kibuc.com\/blog\/wp-content\/uploads\/2016\/07\/mesa-centro-cristal-y-madera-512x300.jpg\" alt=\"mesa-centro-cristal-y-madera\" width=\"512\" height=\"300\" \/><\/p>\n<p><img decoding=\"async\" class=\"aligncenter size-medium wp-image-8009\" src=\"https:\/\/www.kibuc.com\/blog\/wp-content\/uploads\/2016\/07\/mesa-cajones-almacenar-512x330.jpg\" alt=\"mesa-cajones-almacenar\" width=\"512\" height=\"330\" \/><\/p>\n<p>Mesas con espacio para guardar revistas, agenda y alg\u00fan libro que podr\u00e1n tener su espacio en el sal\u00f3n. Estar\u00e1n siempre a mano y no estar\u00e1n tan a la vista.<\/p>\n<p>&nbsp;<\/p>\n<h3><span class=\"ez-toc-section\" id=\"Arriba_la_funcionalidad\"><\/span><strong>Arriba la funcionalidad<\/strong><span class=\"ez-toc-section-end\"><\/span><\/h3>\n<p><img decoding=\"async\" class=\"aligncenter size-medium wp-image-8003\" src=\"https:\/\/www.kibuc.com\/blog\/wp-content\/uploads\/2016\/07\/mesa-extensible-creta-512x384.jpg\" alt=\"mesa-extensible-creta\" width=\"512\" height=\"384\" \/><\/p>\n<p><img decoding=\"async\" class=\"aligncenter size-medium wp-image-8002\" src=\"https:\/\/www.kibuc.com\/blog\/wp-content\/uploads\/2016\/07\/mesa-extensible-512x406.jpg\" alt=\"mesa-extensible\" width=\"512\" height=\"406\" \/><\/p>\n<p>&nbsp;<\/p>\n<p>Si sois de los que pas\u00e1is largos ratos en el sal\u00f3n, haciendo maratones de series o pelis, estas mesas ser\u00e1n las mejores para vosotros. Al ser extensibles, la mesa se elevar\u00e1 a cierta altura, eso os permitir\u00e1 hacer alg\u00fan tentempi\u00e9, comer o incluso hacer alguna tarea con el ordenador. Tambi\u00e9n es ideal para guardar cosas en el interior.<\/p>\n<h3><span class=\"ez-toc-section\" id=\"Formas_organicas\"><\/span><strong>Formas org\u00e1nicas<\/strong><span class=\"ez-toc-section-end\"><\/span><\/h3>\n<p><img decoding=\"async\" class=\"aligncenter size-medium wp-image-8006\" src=\"https:\/\/www.kibuc.com\/blog\/wp-content\/uploads\/2016\/07\/mesas-combinables-aiko-512x346.jpg\" alt=\"mesas-combinables-aiko\" width=\"512\" height=\"346\" \/><\/p>\n<p>Ni cuadradas, rectangulares ni redondas, las formas y l\u00edneas org\u00e1nicas aportar\u00e1n un aire muy natural y agradable al sal\u00f3n.<\/p>\n<p>&nbsp;<\/p>\n<h3><span class=\"ez-toc-section\" id=\"Robustas_y_con_mucho_caracter\"><\/span><strong>Robustas y con mucho car\u00e1cter<\/strong><span class=\"ez-toc-section-end\"><\/span><\/h3>\n<p><img decoding=\"async\" class=\"aligncenter size-medium wp-image-8005\" src=\"https:\/\/www.kibuc.com\/blog\/wp-content\/uploads\/2016\/07\/mesa-robusta-ginza-512x367.jpg\" alt=\"mesa-robusta-ginza\" width=\"512\" height=\"367\" \/><\/p>\n<p>Con una est\u00e9tica muy consistente y compacta, esta est\u00e9tica aportar\u00e1 mucho peso. La mesa tendr\u00e1 un especial protagonismo, as\u00ed que es mejor colocarla en una estancia espaciosa.<\/p>\n<h3><span class=\"ez-toc-section\" id=\"La_elegancia_del_cristal\"><\/span><strong>La elegancia del cristal<\/strong><span class=\"ez-toc-section-end\"><\/span><\/h3>\n<p><img decoding=\"async\" class=\"aligncenter size-medium wp-image-8010\" src=\"https:\/\/www.kibuc.com\/blog\/wp-content\/uploads\/2016\/07\/mesa-centro-cristal-kenya-512x449.jpg\" alt=\"mesa-centro-cristal-kenya\" width=\"512\" height=\"449\" \/><\/p>\n<p>Ideales para espacios m\u00e1s bien peque\u00f1os ya que el cristal disimula el espacio ocupado por la mesa. Adem\u00e1s el cristal es muy combinable con m\u00faltiples tendencias y dar\u00e1 un toque sofisticado.<\/p>\n<h3><span class=\"ez-toc-section\" id=\"Aprovecha_hasta_el_ultimo_centimetro_del_salon\"><\/span><strong>Aprovecha hasta el \u00faltimo cent\u00edmetro del sal\u00f3n<\/strong><span class=\"ez-toc-section-end\"><\/span><\/h3>\n<p><img decoding=\"async\" class=\"aligncenter size-medium wp-image-8004\" src=\"https:\/\/www.kibuc.com\/blog\/wp-content\/uploads\/2016\/07\/mesa-rinconera-signos-512x602.jpg\" alt=\"mesa-rinconera-signos\" width=\"512\" height=\"602\" \/><\/p>\n<p>Las mesas rinconeras son perfectas para salones de tama\u00f1o mini. Su funcionalidad es lo principal, podremos guardar cosas y al mismo tiempo dar vida a un rinc\u00f3n del sal\u00f3n.<\/p>\n<h3><span class=\"ez-toc-section\" id=\"Con_un_toque_de_luz\"><\/span><strong>Con un toque de luz<\/strong><span class=\"ez-toc-section-end\"><\/span><\/h3>\n<p style=\"text-align: center;\"><img decoding=\"async\" class=\"aligncenter size-medium wp-image-7998\" src=\"https:\/\/www.kibuc.com\/blog\/wp-content\/uploads\/2016\/07\/mesa-centro-con-luz-sombra-512x365.jpg\" alt=\"mesa-centro-con-luz-sombra\" width=\"512\" height=\"365\" \/><\/p>\n<p style=\"text-align: left;\">Este modelo de la colecci\u00f3n Sombra es el complemento\u00a0del comedor perfecto para crear una atm\u00f3sfera relajante de noche. Adem\u00e1s tiene espacio para guardar cosas en la parte interior.<\/p>\n<p style=\"text-align: center;\"><strong>\u00bfCon cu\u00e1l de estas opciones te quedar\u00edas? Descubre adem\u00e1s estas <a href=\"https:\/\/www.kibuc.com\/blog\/ideas-para-decorar-la-mesa-de-centro\/\" target=\"_blank\" rel=\"noopener\">ideas para decorar tu mesa de centro<\/a> o <a href=\"https:\/\/www.kibuc.com\/blog\/centros-de-mesa-con-flores-sumergidas-en-agua-ideas-para-una-cena-especial\/\" target=\"_blank\" rel=\"noopener\">c\u00f3mo preparar centros de mesa en casa.<\/a><\/strong><\/p>\n","protected":false},"excerpt":{"rendered":"<p>La mesa de centro puede ser el elemento\u00a0definitivo para dar vida a nuestro sal\u00f3n, es una de las piezas b\u00e1sicas que sumar\u00e1 comodidad, funcionalidad o solamente aportar\u00e1 un toque a la decoraci\u00f3n del comedor o sala de estar. Para elegir la que mejor nos quedar\u00e1 en la sala, primero tenemos que tener en cuenta el [&hellip;]<\/p>\n","protected":false},"author":3,"featured_media":15381,"comment_status":"closed","ping_status":"closed","sticky":false,"template":"","format":"standard","meta":{"_acf_changed":false,"footnotes":""},"categories":[36],"tags":[919,926],"class_list":["post-15380","post","type-post","status-publish","format-standard","has-post-thumbnail","hentry","category-productos","tag-mesas","tag-salones"],"acf":[],"_links":{"self":[{"href":"https:\/\/www.kibuc.com\/blog\/wp-json\/wp\/v2\/posts\/15380","targetHints":{"allow":["GET"]}}],"collection":[{"href":"https:\/\/www.kibuc.com\/blog\/wp-json\/wp\/v2\/posts"}],"about":[{"href":"https:\/\/www.kibuc.com\/blog\/wp-json\/wp\/v2\/types\/post"}],"author":[{"embeddable":true,"href":"https:\/\/www.kibuc.com\/blog\/wp-json\/wp\/v2\/users\/3"}],"replies":[{"embeddable":true,"href":"https:\/\/www.kibuc.com\/blog\/wp-json\/wp\/v2\/comments?post=15380"}],"version-history":[{"count":1,"href":"https:\/\/www.kibuc.com\/blog\/wp-json\/wp\/v2\/posts\/15380\/revisions"}],"predecessor-version":[{"id":21343,"href":"https:\/\/www.kibuc.com\/blog\/wp-json\/wp\/v2\/posts\/15380\/revisions\/21343"}],"wp:featuredmedia":[{"embeddable":true,"href":"https:\/\/www.kibuc.com\/blog\/wp-json\/wp\/v2\/media\/15381"}],"wp:attachment":[{"href":"https:\/\/www.kibuc.com\/blog\/wp-json\/wp\/v2\/media?parent=15380"}],"wp:term":[{"taxonomy":"category","embeddable":true,"href":"https:\/\/www.kibuc.com\/blog\/wp-json\/wp\/v2\/categories?post=15380"},{"taxonomy":"post_tag","embeddable":true,"href":"https:\/\/www.kibuc.com\/blog\/wp-json\/wp\/v2\/tags?post=15380"}],"curies":[{"name":"wp","href":"https:\/\/api.w.org\/{rel}","templated":true}]}}