{"id":15123,"date":"2016-03-30T12:09:47","date_gmt":"2016-03-30T12:09:47","guid":{"rendered":"https:\/\/kibuc.com\/blog\/?p=7569"},"modified":"2022-09-29T06:14:59","modified_gmt":"2022-09-29T06:14:59","slug":"decorar-tu-casa-en-primavera-porque-la-primavera-la-decoracion-altera","status":"publish","type":"post","link":"https:\/\/www.kibuc.com\/blog\/decorar-tu-casa-en-primavera-porque-la-primavera-la-decoracion-altera\/","title":{"rendered":"Decorar tu casa en primavera. Ideas que tu decoraci\u00f3n alteran"},"content":{"rendered":"<p style=\"text-align: center;\"><img decoding=\"async\" class=\"aligncenter size-medium wp-image-7488\" title=\"Decorar tu casa en primavera. C\u00f3moda de la colecci\u00f3n Asai \" alt=\"Decorar tu casa en primavera. C\u00f3moda de la colecci\u00f3n Asai \" src=\"https:\/\/www.kibuc.com\/blog\/wp-content\/uploads\/2016\/03\/asai1-512x372.jpg\" width=\"512\" height=\"372\" \/><\/p>\n<p>Este fin de semana <strong>ha llegado la primavera<\/strong> y, con ella, las ganas de introducir <strong>peque\u00f1os cambios en casa<\/strong> para que se note que <strong>ya respiramos una nueva estaci\u00f3n.<\/strong> Decorar con flores frescas, agregar tonos pastel, crear un nuevo rinc\u00f3n en tu casa, potenciar la luz natural o preparar tu terraza &#8230;estas son <strong>algunas ideas para <a href=\"https:\/\/www.kibuc.com\/es-ES\" target=\"_blank\" rel=\"noopener\">decorar tu casa<\/a> en primavera<\/strong>. \u00a1No te pierdas todos los detalles!<\/p>\n<p style=\"text-align: center;\"><img decoding=\"async\" class=\"aligncenter size-medium wp-image-7489\" title=\"Decorar tu casa en primavera. Dormitorio de la colecci\u00f3n Asai \" alt=\"Decorar tu casa en primavera. Dormitorio de la colecci\u00f3n Asai \" src=\"https:\/\/www.kibuc.com\/blog\/wp-content\/uploads\/2016\/03\/asai-512x308.jpg\" width=\"512\" height=\"308\" \/><\/p>\n<div id=\"ez-toc-container\" class=\"ez-toc-v2_0_82_2 counter-hierarchy ez-toc-counter ez-toc-grey ez-toc-container-direction\">\n<div class=\"ez-toc-title-container\">\n<p class=\"ez-toc-title\" style=\"cursor:inherit\">\u00cdndice de contenido<\/p>\n<span class=\"ez-toc-title-toggle\"><\/span><\/div>\n<nav><ul class='ez-toc-list ez-toc-list-level-1 ' ><li class='ez-toc-page-1 ez-toc-heading-level-2'><a class=\"ez-toc-link ez-toc-heading-1\" href=\"https:\/\/www.kibuc.com\/blog\/decorar-tu-casa-en-primavera-porque-la-primavera-la-decoracion-altera\/#Decorar_tu_casa_en_primavera_Ideas_para_un_estilo_que_respira_frescura_vitalidad_y_optimismo\" >Decorar tu casa en primavera. Ideas para un estilo que respira frescura, vitalidad y optimismo<\/a><ul class='ez-toc-list-level-3' ><li class='ez-toc-heading-level-3'><a class=\"ez-toc-link ez-toc-heading-2\" href=\"https:\/\/www.kibuc.com\/blog\/decorar-tu-casa-en-primavera-porque-la-primavera-la-decoracion-altera\/#%C2%BFQue_te_han_parecido_estos_consejos_para_decorar_tu_casa_en_primavera_%C2%BFY_tu%C2%BFComo_lo_haces\" >\u00bfQu\u00e9 te han parecido estos consejos para decorar tu casa en primavera? \u00bfY t\u00fa?\u00bfC\u00f3mo lo haces?<\/a><\/li><\/ul><\/li><\/ul><\/nav><\/div>\n<h2><span class=\"ez-toc-section\" id=\"Decorar_tu_casa_en_primavera_Ideas_para_un_estilo_que_respira_frescura_vitalidad_y_optimismo\"><\/span>Decorar tu casa en primavera. Ideas para un estilo que respira frescura, vitalidad y optimismo<span class=\"ez-toc-section-end\"><\/span><\/h2>\n<p><strong><span style=\"color: #ff6600;\">PON PLANTAS Y FLORES FRESCAS.\u00a0<\/span><\/strong><span style=\"color: #000000;\">Para\u00a0<strong>decorar con flores frescas<\/strong>,\u00a0lo primero que tenemos que decidir es\u00a0<strong>el tono o color\u00a0que vamos a buscar<\/strong>. Puedes elegir\u00a0tonos neutros\u00a0o bien optar por\u00a0<strong>colores m\u00e1s vivos<\/strong>: <strong>azules, violetas, fucsias<\/strong>\u2026Otra buena opci\u00f3n son los\u00a0<strong>colores pastel:\u00a0malvas, lilas, ros\u00e1ceas<\/strong>. La elecci\u00f3n del color va a depender del estilo decorativo del espacio y de la emoci\u00f3n que quieras transmitir. Por ejemplo,\u00a0un ramo de pocas flores en tonos vivos puede marcar un interesante acento en un ambiente minimalista.<\/span><\/p>\n<p><img decoding=\"async\" class=\"aligncenter size-full wp-image-7570\" alt=\"\" src=\"https:\/\/www.kibuc.com\/blog\/wp-content\/uploads\/2016\/03\/mis-primeras-flores-de-primavera-2_2444124-512x381.jpg\" width=\"512\" height=\"381\" \/><\/p>\n<p style=\"text-align: center;\"><img decoding=\"async\" class=\"aligncenter size-medium wp-image-7571\" title=\"Decorar tu casa en primavera. Sal\u00f3n de la colecci\u00f3n Signos\" alt=\"Decorar tu casa en primavera. Sal\u00f3n de la colecci\u00f3n Signos\" src=\"https:\/\/www.kibuc.com\/blog\/wp-content\/uploads\/2016\/03\/planta1-512x286.jpg\" width=\"512\" height=\"286\" \/><\/p>\n<p style=\"text-align: center;\"><img decoding=\"async\" class=\"aligncenter size-medium wp-image-7572\" title=\"Decorar tu casa en primavera. C\u00f3moda Asai\" alt=\"Decorar tu casa en primavera. C\u00f3moda Asai\" src=\"https:\/\/www.kibuc.com\/blog\/wp-content\/uploads\/2016\/03\/flores-512x415.jpg\" width=\"512\" height=\"415\" \/><\/p>\n<p style=\"text-align: center;\"><img decoding=\"async\" class=\"aligncenter size-medium wp-image-7573\" title=\"Dormitorio de estilo natural Asai\" alt=\"Dormitorio de estilo natural Asai\" src=\"https:\/\/www.kibuc.com\/blog\/wp-content\/uploads\/2016\/03\/asai2-512x399.jpg\" width=\"512\" height=\"399\" \/><\/p>\n<p><strong><span style=\"color: #ff6600;\">AGREGA TONOS PASTEL PARA TRANSMITIR OPTIMISMO.<\/span><\/strong>\u00a0No es casualidad que el<span style=\"color: #000000;\">\u00a0<em>serenity<\/em> y el rosa cuarzo hayan sido los colores 2016 elegidos por Pantone.\u00a0Son tonos que nos transportan a\u00a0<strong>universos de tranquilidad<\/strong>\u00a0y suavidad creando\u00a0<strong>ambientes c\u00e1lidos, elegantes y relajantes que nos conectan con la ni\u00f1ez y la alegr\u00eda de la primavera. <\/strong>Tambi\u00e9n puedes incorporar\u00a0a tu decoraci\u00f3n el inocente optimismo<strong><strong>\u00a0d<\/strong><strong>el lila.<\/strong><br \/>\n<\/strong><\/span><\/p>\n<p style=\"text-align: center;\"><img decoding=\"async\" class=\"aligncenter size-medium wp-image-7204\" title=\"Dormitorio de la colecci\u00f3n Doria\" alt=\"Dormitorio de la colecci\u00f3n Doria\" src=\"https:\/\/www.kibuc.com\/blog\/wp-content\/uploads\/2016\/01\/lila-512x305.jpg\" width=\"512\" height=\"305\" \/><\/p>\n<p style=\"text-align: center;\"><img decoding=\"async\" class=\"aligncenter size-medium wp-image-7200\" title=\"Decorar tu casa para la primavera\" alt=\"\" src=\"https:\/\/www.kibuc.com\/blog\/wp-content\/uploads\/2016\/01\/natural-512x305.jpg\" width=\"512\" height=\"305\" \/><\/p>\n<p style=\"text-align: center;\"><img decoding=\"async\" class=\"aligncenter size-medium wp-image-7574\" title=\"Mueble para el sal\u00f3n aIko\" alt=\"\" src=\"https:\/\/www.kibuc.com\/blog\/wp-content\/uploads\/2016\/03\/azul-512x433.jpg\" width=\"512\" height=\"433\" \/><\/p>\n<p style=\"text-align: center;\"><img decoding=\"async\" class=\"aligncenter size-medium wp-image-7575\" title=\"Mueble para el sal\u00f3n Aiko\" alt=\"\" src=\"https:\/\/www.kibuc.com\/blog\/wp-content\/uploads\/2016\/03\/azul2-512x316.jpg\" width=\"512\" height=\"316\" \/><\/p>\n<p><strong><span style=\"color: #ff6600;\">DEJA QUE LA LUZ NATURAL INUNDE TU ESPACIO. <\/span><\/strong><span><span style=\"color: #000000;\"><strong>Fuera cortinas tupidas y obst\u00e1culos delante de tus ventanas<\/strong>. Para potenciar la luz en tu espacio, elige\u00a0<strong>colores claros<\/strong>\u00a0y tejidos naturales como el\u00a0<strong>algod\u00f3n o el lino\u00a0<\/strong>en\u00a0cojines, plaids y alfombras. Usa espejos peque\u00f1os o de grandes dimensiones y ten en cuenta el cristal como un material a incorporar en mesas u otros muebles. \u00a0<strong>A nosotros nos encantan los cojines con flores o plantas<\/strong>.<\/span><\/span><\/p>\n<p><img decoding=\"async\" class=\"aligncenter size-full wp-image-7316\" alt=\"\" src=\"https:\/\/www.kibuc.com\/blog\/wp-content\/uploads\/2016\/02\/bcn4-512x302.jpg\" width=\"512\" height=\"302\" \/><\/p>\n<p><img decoding=\"async\" class=\"aligncenter size-full wp-image-7457\" alt=\"\" src=\"https:\/\/www.kibuc.com\/blog\/wp-content\/uploads\/2016\/03\/bcn5-512x475.jpg\" width=\"512\" height=\"475\" \/><\/p>\n<p style=\"text-align: center;\"><img decoding=\"async\" class=\"aligncenter size-medium wp-image-7576\" title=\"Dormitorio de la colecci\u00f3n Asai de estilo vintage\" alt=\"Dormitorio de la colecci\u00f3n Asai de estilo vintage\" src=\"https:\/\/www.kibuc.com\/blog\/wp-content\/uploads\/2016\/03\/pareja-512x424.jpg\" width=\"512\" height=\"424\" \/><\/p>\n<p><strong><span style=\"color: #ff6600;\">CREA UN NUEVO RINC\u00d3N PARA TU CASA<\/span><\/strong>.\u00a0<span style=\"color: #000000;\">En primavera apetece inaugurar <strong>un espacio nuevo en casa<\/strong>: un rinc\u00f3n de lectura, un espacio de trabajo, un tocador, un lugar para desarrollar tu lado creativo y realizar tus <em>diys<\/em>&#8230;<\/span><\/p>\n<p><img decoding=\"async\" class=\"aligncenter size-medium wp-image-7387\" alt=\"\" src=\"https:\/\/www.kibuc.com\/blog\/wp-content\/uploads\/2016\/02\/table-512x452.jpg\" width=\"512\" height=\"452\" \/><\/p>\n<p><img decoding=\"async\" class=\"aligncenter size-medium wp-image-5849\" alt=\"\" src=\"https:\/\/www.kibuc.com\/blog\/wp-content\/uploads\/2015\/04\/0722-K-Mobles-TV-0005-512x602.jpg\" width=\"512\" height=\"602\" \/><\/p>\n<p><img decoding=\"async\" class=\"aligncenter size-medium wp-image-7577\" alt=\"\" src=\"https:\/\/www.kibuc.com\/blog\/wp-content\/uploads\/2016\/03\/w_asai_6-512x309.jpg\" width=\"512\" height=\"309\" \/><\/p>\n<p><strong><span style=\"color: #ff6600;\">PREPARA TU TERRAZA O BALC\u00d3N.\u00a0<\/span><\/strong><span style=\"color: #ff6600;\"><span style=\"color: #000000;\">Con la llegada del buen tiempo reconquistamos ese espacio de <strong>la terraza y el balc\u00f3n<\/strong> que hemos tenido olvidado durante los meses de invierno. Aunque no tengas demasiado espacio, s\u00e1cale todo el partido con nuestros <a href=\"https:\/\/www.kibuc.com\/blog\/decorar-un-balcon-decoracion-de-balcones\/\" target=\"_blank\" rel=\"noopener\">consejos de decoraci\u00f3n<\/a>.<\/span><\/span><\/p>\n<p><img decoding=\"async\" class=\"aligncenter size-medium wp-image-7560\" alt=\"\" src=\"https:\/\/www.kibuc.com\/blog\/wp-content\/uploads\/2016\/03\/salon-512x359.jpg\" width=\"512\" height=\"359\" \/><\/p>\n<h3 style=\"text-align: center;\"><span class=\"ez-toc-section\" id=\"%C2%BFQue_te_han_parecido_estos_consejos_para_decorar_tu_casa_en_primavera_%C2%BFY_tu%C2%BFComo_lo_haces\"><\/span>\u00bfQu\u00e9 te han parecido estos consejos para decorar tu casa en primavera? \u00bfY t\u00fa?\u00bfC\u00f3mo lo haces?<span class=\"ez-toc-section-end\"><\/span><\/h3>\n<p>&nbsp;<\/p>\n","protected":false},"excerpt":{"rendered":"<p>Este fin de semana ha llegado la primavera y, con ella, las ganas de introducir peque\u00f1os cambios en casa para que se note que ya respiramos una nueva estaci\u00f3n. Decorar con flores frescas, agregar tonos pastel, crear un nuevo rinc\u00f3n en tu casa, potenciar la luz natural o preparar tu terraza &#8230;estas son algunas ideas [&hellip;]<\/p>\n","protected":false},"author":3,"featured_media":15124,"comment_status":"closed","ping_status":"closed","sticky":false,"template":"","format":"gallery","meta":{"_acf_changed":false,"footnotes":""},"categories":[37],"tags":[908,930],"class_list":["post-15123","post","type-post","status-publish","format-gallery","has-post-thumbnail","hentry","category-tematicas","tag-decoracion","tag-tendencias","post_format-post-format-gallery"],"acf":[],"_links":{"self":[{"href":"https:\/\/www.kibuc.com\/blog\/wp-json\/wp\/v2\/posts\/15123","targetHints":{"allow":["GET"]}}],"collection":[{"href":"https:\/\/www.kibuc.com\/blog\/wp-json\/wp\/v2\/posts"}],"about":[{"href":"https:\/\/www.kibuc.com\/blog\/wp-json\/wp\/v2\/types\/post"}],"author":[{"embeddable":true,"href":"https:\/\/www.kibuc.com\/blog\/wp-json\/wp\/v2\/users\/3"}],"replies":[{"embeddable":true,"href":"https:\/\/www.kibuc.com\/blog\/wp-json\/wp\/v2\/comments?post=15123"}],"version-history":[{"count":1,"href":"https:\/\/www.kibuc.com\/blog\/wp-json\/wp\/v2\/posts\/15123\/revisions"}],"predecessor-version":[{"id":21316,"href":"https:\/\/www.kibuc.com\/blog\/wp-json\/wp\/v2\/posts\/15123\/revisions\/21316"}],"wp:featuredmedia":[{"embeddable":true,"href":"https:\/\/www.kibuc.com\/blog\/wp-json\/wp\/v2\/media\/15124"}],"wp:attachment":[{"href":"https:\/\/www.kibuc.com\/blog\/wp-json\/wp\/v2\/media?parent=15123"}],"wp:term":[{"taxonomy":"category","embeddable":true,"href":"https:\/\/www.kibuc.com\/blog\/wp-json\/wp\/v2\/categories?post=15123"},{"taxonomy":"post_tag","embeddable":true,"href":"https:\/\/www.kibuc.com\/blog\/wp-json\/wp\/v2\/tags?post=15123"}],"curies":[{"name":"wp","href":"https:\/\/api.w.org\/{rel}","templated":true}]}}