{"id":15039,"date":"2016-03-03T12:27:07","date_gmt":"2016-03-03T12:27:07","guid":{"rendered":"https:\/\/kibuc.com\/blog\/?p=7463"},"modified":"2022-09-29T06:15:02","modified_gmt":"2022-09-29T06:15:02","slug":"decorar-con-colores-calidos-espacios-vibrantes-y-con-mucho-optimismo","status":"publish","type":"post","link":"https:\/\/www.kibuc.com\/blog\/decorar-con-colores-calidos-espacios-vibrantes-y-con-mucho-optimismo\/","title":{"rendered":"Decorar con colores c\u00e1lidos. Espacios vibrantes y con mucho optimismo"},"content":{"rendered":"<p style=\"text-align: center;\"><img decoding=\"async\" class=\"aligncenter size-medium wp-image-7473\" title=\"Decorar con colores c\u00e1lidos. Dormitorio de la colecci\u00f3n Nuit\" alt=\"Decorar con colores c\u00e1lidos. Dormitorio de la colecci\u00f3n Nuit\" src=\"https:\/\/www.kibuc.com\/blog\/wp-content\/uploads\/2016\/03\/rojo-512x423.jpg\" width=\"512\" height=\"423\" \/><\/p>\n<p><strong>Los colores c\u00e1lidos generan un ambiente acogedor pero a la vez muy vibrante y vitalista<\/strong>. Desde un punto de vista psicol\u00f3gico son colores muy din\u00e1micos que transmiten <strong>alegr\u00eda y movimiento<\/strong>. Debemos distinguir entre <strong>c\u00e1lidos claros y c\u00e1lidos oscuros<\/strong>. Los c\u00e1lidos oscuros tienden a empeque\u00f1ecer la estancia, en cambio con los claros conseguimos en efecto totalmente contrario. Descubre, con los <a href=\"https:\/\/www.kibuc.com\/es-ES\" target=\"_blank\" rel=\"noopener\">interioristas Kibuc<\/a>, c\u00f3mo aplicarlos.<\/p>\n<p><img decoding=\"async\" class=\"aligncenter size-medium wp-image-7481\" alt=\"\" src=\"https:\/\/www.kibuc.com\/blog\/wp-content\/uploads\/2016\/03\/circulo_cromatico_ok_521x519-512x510.jpg\" width=\"512\" height=\"510\" \/><\/p>\n<p style=\"text-align: center;\"><img decoding=\"async\" class=\"aligncenter size-medium wp-image-7456\" title=\"Decorar con colores c\u00e1lidos. Dormitorio de la colecci\u00f3n Asai\" alt=\"Decorar con colores c\u00e1lidos. Dormitorio de la colecci\u00f3n Asai\" src=\"https:\/\/www.kibuc.com\/blog\/wp-content\/uploads\/2016\/03\/dormitorio-aiko-512x357.jpg\" width=\"512\" height=\"357\" \/><\/p>\n<h2>Decorar con colores c\u00e1lidos<\/h2>\n<p>Esta paleta incluye\u00a0<strong>amarillos, naranjas, verdes claros, rojos claros y terracotas<\/strong>. Transmiten\u00a0<strong>calidez \u00a0y luminosidad<\/strong>, y nos ayudan a crear ambientes acogedores \u00a0con un punto de\u00a0<strong>vitalidad y optimismo.\u00a0<\/strong>Los colores c\u00e1lidos son ideales para combinar con muebles de madera aunque tambi\u00e9n conviven en armon\u00eda con los lacados en blanco. Tambi\u00e9n podemos optar por trabajar en la pared con blanco o con un tono neutro y aplicar un tono m\u00e1s c\u00e1lido <strong>al acabado del mueble o a la tapicer\u00eda del sof\u00e1.<\/strong><strong><br \/>\n<\/strong><\/p>\n<p style=\"text-align: center;\"><img decoding=\"async\" class=\"aligncenter size-medium wp-image-7465\" title=\"Decorar con colores c\u00e1lidos. Mueble para el sal\u00f3n de la colecci\u00f3n Signos\" alt=\"Decorar con colores c\u00e1lidos. Mueble para el sal\u00f3n de la colecci\u00f3n Signos\" src=\"https:\/\/www.kibuc.com\/blog\/wp-content\/uploads\/2016\/03\/signos-512x306.jpg\" width=\"512\" height=\"306\" \/><\/p>\n<p style=\"text-align: center;\"><img decoding=\"async\" class=\"aligncenter size-medium wp-image-7466\" title=\"Decorar con colores c\u00e1lidos. Mueble para el comedor de la colecci\u00f3n Signos\" alt=\"Decorar con colores c\u00e1lidos. Mueble para el comedor de la colecci\u00f3n Signos\" src=\"https:\/\/www.kibuc.com\/blog\/wp-content\/uploads\/2016\/03\/amarillo-512x610.jpg\" width=\"512\" height=\"610\" \/><\/p>\n<p style=\"text-align: center;\"><img decoding=\"async\" class=\"aligncenter size-medium wp-image-7467\" title=\"Mueble para el sal\u00f3n de la colecci\u00f3n Signos\" alt=\"Mueble para el sal\u00f3n de la colecci\u00f3n Signos\" src=\"https:\/\/www.kibuc.com\/blog\/wp-content\/uploads\/2016\/03\/signos0-512x370.jpg\" width=\"512\" height=\"370\" \/><\/p>\n<p style=\"text-align: center;\"><img decoding=\"async\" class=\"aligncenter size-medium wp-image-7468\" title=\"Bufet de la colecci\u00f3n Transfer\" alt=\"Bufet de la colecci\u00f3n Transfer\" src=\"https:\/\/www.kibuc.com\/blog\/wp-content\/uploads\/2016\/03\/bufet-transfer-512x526.jpg\" width=\"512\" height=\"526\" \/><\/p>\n<p style=\"text-align: center;\"><img decoding=\"async\" class=\"aligncenter size-medium wp-image-7469\" title=\"Bufet de la colecci\u00f3n Transfer\" alt=\"Bufet de la colecci\u00f3n Transfer\" src=\"https:\/\/www.kibuc.com\/blog\/wp-content\/uploads\/2016\/03\/transfer-512x547.jpg\" width=\"512\" height=\"547\" \/><\/p>\n<p style=\"text-align: center;\"><img decoding=\"async\" class=\"aligncenter size-full wp-image-6890\" title=\"Decorar con colores c\u00e1lidos. Sof\u00e1 BCN\" alt=\"Decorar con colores c\u00e1lidos. Sof\u00e1 BCN\" src=\"https:\/\/www.kibuc.com\/blog\/wp-content\/uploads\/2015\/10\/BCN21.jpg\" width=\"512\" height=\"355\" \/><\/p>\n<p><strong>Los colores c\u00e1lidos fuertes<\/strong> hay que incorporarlos en ambientes amplios o usarlos como\u00a0<a href=\"https:\/\/www.kibuc.com\/blog\/pintura-y-decoracion-sabes-que-es-el-color-de-acento\/\" target=\"_blank\" rel=\"noopener\">color acento<\/a>. Atenci\u00f3n con el color de los complementos que usamos en combinaci\u00f3n con estos colores. Tienen que <strong>estar dentro del tono que hemos utilizado en las paredes<\/strong>. Los <strong>colores c\u00e1lidos claros<\/strong> son ideales para ambientes con poca luz porque <strong>potencian la luminosidad<\/strong>, por ejemplo son id\u00f3neos para <strong>zonas abuhardilladas<\/strong>.<\/p>\n<p style=\"text-align: center;\"><img decoding=\"async\" class=\"aligncenter size-medium wp-image-6767\" title=\"Cama tapizada Wendy\" alt=\"cama tapizada Wendy\" src=\"https:\/\/www.kibuc.com\/blog\/wp-content\/uploads\/2015\/09\/tapizados3-512x301.jpg\" width=\"512\" height=\"301\" \/><\/p>\n<p style=\"text-align: center;\"><img decoding=\"async\" class=\"aligncenter size-medium wp-image-6768\" title=\"Decorar con colores c\u00e1lidos. Cama tapizada Wendy\" alt=\"Cama tapizada Wendy\" src=\"https:\/\/www.kibuc.com\/blog\/wp-content\/uploads\/2015\/09\/catalunya4-512x437.jpg\" width=\"512\" height=\"437\" \/><\/p>\n<p style=\"text-align: center;\"><img decoding=\"async\" class=\"aligncenter size-medium wp-image-7383\" title=\"Decorar con colores c\u00e1lidos. Sof\u00e1 BCN\" alt=\"Decorar con colores c\u00e1lidos. Sof\u00e1 BCN\" src=\"https:\/\/www.kibuc.com\/blog\/wp-content\/uploads\/2016\/02\/mesiat4-512x388.jpg\" width=\"512\" height=\"388\" \/><\/p>\n<p style=\"text-align: center;\"><img decoding=\"async\" class=\"aligncenter size-medium wp-image-7470\" title=\"Dormitorio de la colecci\u00f3n Slaap\" alt=\"Dormitorio de la colecci\u00f3n Slaap\" src=\"https:\/\/www.kibuc.com\/blog\/wp-content\/uploads\/2016\/03\/W_Slaap_08_MG-512x309.jpg\" width=\"512\" height=\"309\" \/><\/p>\n<p>La elecci\u00f3n del color es fundamental a la hora de decorar ya que l<strong>os colores transmiten diferentes sensaciones que nos afectan<\/strong>. Dentro de los colores c\u00e1lidos&#8230;<strong>El verde\u00a0<\/strong>es el color de la naturaleza y nos conecta con la seguridad \u00a0a la vez que estimula la actividad cerebral.\u00a0El\u00a0<strong>amarillo<\/strong>\u00a0y el\u00a0<strong>naranja<\/strong>\u00a0son colores que transmiten optimismo, energ\u00eda, alegr\u00eda y felicidad, muy utilizados en sus tonalidades m\u00e1s claras.\u00a0El\u00a0<strong>rojo<\/strong>\u00a0representa energ\u00eda, pasi\u00f3n, fuerza y adem\u00e1s es el m\u00e1s caliente de todos los colores.<\/p>\n<p style=\"text-align: center;\"><img decoding=\"async\" class=\"aligncenter size-medium wp-image-7475\" title=\"Dormitorio Nuit\" alt=\"Dormitorio Nuit\" src=\"https:\/\/www.kibuc.com\/blog\/wp-content\/uploads\/2016\/03\/nuit-512x325.jpg\" width=\"512\" height=\"325\" \/><\/p>\n<p style=\"text-align: center;\"><img decoding=\"async\" class=\"aligncenter size-medium wp-image-7476\" title=\"Decorar con colores c\u00e1lidos. Nuit dormitorio\" alt=\"\" src=\"https:\/\/www.kibuc.com\/blog\/wp-content\/uploads\/2016\/03\/nuit1-512x607.jpg\" width=\"512\" height=\"607\" \/><\/p>\n<p style=\"text-align: center;\"><img decoding=\"async\" class=\"aligncenter size-medium wp-image-7477\" title=\"Mueble para el sal\u00f3n Athos\" alt=\"Mueble para el sal\u00f3n Athos\" src=\"https:\/\/www.kibuc.com\/blog\/wp-content\/uploads\/2016\/03\/W_Athos_21_MG-512x309.jpg\" width=\"512\" height=\"309\" \/><\/p>\n<p style=\"text-align: center;\"><img decoding=\"async\" class=\"aligncenter size-medium wp-image-7478\" title=\"Decorar con colores c\u00e1lidos. Mueble para el sal\u00f3n Signos\" alt=\"\" src=\"https:\/\/www.kibuc.com\/blog\/wp-content\/uploads\/2016\/03\/signosnaranja-512x434.jpg\" width=\"512\" height=\"434\" \/><\/p>\n","protected":false},"excerpt":{"rendered":"<p>Los colores c\u00e1lidos generan un ambiente acogedor pero a la vez muy vibrante y vitalista. Desde un punto de vista psicol\u00f3gico son colores muy din\u00e1micos que transmiten alegr\u00eda y movimiento. Debemos distinguir entre c\u00e1lidos claros y c\u00e1lidos oscuros. Los c\u00e1lidos oscuros tienden a empeque\u00f1ecer la estancia, en cambio con los claros conseguimos en efecto totalmente [&hellip;]<\/p>\n","protected":false},"author":3,"featured_media":15041,"comment_status":"closed","ping_status":"closed","sticky":false,"template":"","format":"gallery","meta":{"_acf_changed":false,"footnotes":""},"categories":[37],"tags":[908,930],"class_list":["post-15039","post","type-post","status-publish","format-gallery","has-post-thumbnail","hentry","category-tematicas","tag-decoracion","tag-tendencias","post_format-post-format-gallery"],"acf":[],"_links":{"self":[{"href":"https:\/\/www.kibuc.com\/blog\/wp-json\/wp\/v2\/posts\/15039","targetHints":{"allow":["GET"]}}],"collection":[{"href":"https:\/\/www.kibuc.com\/blog\/wp-json\/wp\/v2\/posts"}],"about":[{"href":"https:\/\/www.kibuc.com\/blog\/wp-json\/wp\/v2\/types\/post"}],"author":[{"embeddable":true,"href":"https:\/\/www.kibuc.com\/blog\/wp-json\/wp\/v2\/users\/3"}],"replies":[{"embeddable":true,"href":"https:\/\/www.kibuc.com\/blog\/wp-json\/wp\/v2\/comments?post=15039"}],"version-history":[{"count":1,"href":"https:\/\/www.kibuc.com\/blog\/wp-json\/wp\/v2\/posts\/15039\/revisions"}],"predecessor-version":[{"id":21309,"href":"https:\/\/www.kibuc.com\/blog\/wp-json\/wp\/v2\/posts\/15039\/revisions\/21309"}],"wp:featuredmedia":[{"embeddable":true,"href":"https:\/\/www.kibuc.com\/blog\/wp-json\/wp\/v2\/media\/15041"}],"wp:attachment":[{"href":"https:\/\/www.kibuc.com\/blog\/wp-json\/wp\/v2\/media?parent=15039"}],"wp:term":[{"taxonomy":"category","embeddable":true,"href":"https:\/\/www.kibuc.com\/blog\/wp-json\/wp\/v2\/categories?post=15039"},{"taxonomy":"post_tag","embeddable":true,"href":"https:\/\/www.kibuc.com\/blog\/wp-json\/wp\/v2\/tags?post=15039"}],"curies":[{"name":"wp","href":"https:\/\/api.w.org\/{rel}","templated":true}]}}