{"id":15022,"date":"2016-03-01T10:12:57","date_gmt":"2016-03-01T10:12:57","guid":{"rendered":"https:\/\/kibuc.com\/blog\/?p=7439"},"modified":"2022-09-29T06:15:03","modified_gmt":"2022-09-29T06:15:03","slug":"desmontando-algunos-mitos-de-la-decoracion-atrevete-a-ser-tu-mismo","status":"publish","type":"post","link":"https:\/\/www.kibuc.com\/blog\/desmontando-algunos-mitos-de-la-decoracion-atrevete-a-ser-tu-mismo\/","title":{"rendered":"Desmontando algunos mitos de la decoraci\u00f3n. Atr\u00e9vete a ser t\u00fa mismo"},"content":{"rendered":"<p><img decoding=\"async\" class=\"aligncenter size-medium wp-image-7445\" alt=\"Mesa auxiliar Punt y sof\u00e1 Fold\" src=\"https:\/\/www.kibuc.com\/blog\/wp-content\/uploads\/2016\/02\/14-512x586.jpg\" width=\"512\" height=\"586\" \/><\/p>\n<p>Podr\u00edamos decir que son como un <em>rum-rum <\/em>que hace tiempo que suena, preceptos decorativos mil veces pronunciados o tal vez prejuicios que se han institucionalizado en cuanto a c\u00f3mo debemos decorar&#8230;Vengan de donde vengan, lo cierto es que <strong>hoy queremos<\/strong>\u00a0<strong>desmontar y poner en entredicho esos t\u00f3picos de la decoraci\u00f3n<\/strong> que llevamos tiempo escuchando. Porque ahora, m\u00e1s que nunca, toca <strong>ser t\u00fa mismo, mezclar, atreverte y experimentar<\/strong>.<\/p>\n<p><img decoding=\"async\" class=\"aligncenter size-medium wp-image-7447\" alt=\"Desmontando algunos mitos de la decoraci\u00f3n, Mueble para el sal\u00f3n Aiko\" src=\"https:\/\/www.kibuc.com\/blog\/wp-content\/uploads\/2016\/02\/tv-512x515.jpg\" width=\"512\" height=\"515\" \/><\/p>\n<div id=\"ez-toc-container\" class=\"ez-toc-v2_0_82_2 counter-hierarchy ez-toc-counter ez-toc-grey ez-toc-container-direction\">\n<div class=\"ez-toc-title-container\">\n<p class=\"ez-toc-title\" style=\"cursor:inherit\">\u00cdndice de contenido<\/p>\n<span class=\"ez-toc-title-toggle\"><\/span><\/div>\n<nav><ul class='ez-toc-list ez-toc-list-level-1 ' ><li class='ez-toc-page-1 ez-toc-heading-level-2'><a class=\"ez-toc-link ez-toc-heading-1\" href=\"https:\/\/www.kibuc.com\/blog\/desmontando-algunos-mitos-de-la-decoracion-atrevete-a-ser-tu-mismo\/#Desmontando_algunos_mitos_de_la_decoracion_Cuestionate_los_topicos_y_saltate_algunas_reglas\" >Desmontando algunos mitos de la decoraci\u00f3n. Cuesti\u00f3nate los t\u00f3picos y s\u00e1ltate algunas reglas<\/a><ul class='ez-toc-list-level-3' ><li class='ez-toc-heading-level-3'><a class=\"ez-toc-link ez-toc-heading-2\" href=\"https:\/\/www.kibuc.com\/blog\/desmontando-algunos-mitos-de-la-decoracion-atrevete-a-ser-tu-mismo\/#%C2%BFQue_te_ha_parecido_este_articulo_%C2%BFY_tu_que_mitos_de_la_decoracion_decides_desmontar\" >\u00bfQu\u00e9 te ha parecido este art\u00edculo? \u00bfY t\u00fa qu\u00e9 mitos de la decoraci\u00f3n decides desmontar?<\/a><\/li><\/ul><\/li><\/ul><\/nav><\/div>\n<h2><span class=\"ez-toc-section\" id=\"Desmontando_algunos_mitos_de_la_decoracion_Cuestionate_los_topicos_y_saltate_algunas_reglas\"><\/span>Desmontando algunos mitos de la decoraci\u00f3n. Cuesti\u00f3nate los t\u00f3picos y s\u00e1ltate algunas reglas<span class=\"ez-toc-section-end\"><\/span><\/h2>\n<p><span style=\"color: #ff6600;\"><strong>1-EN LAS VENTANAS SIEMPRE HAY QUE PONER CORTINAS.\u00a0<\/strong><span style=\"color: #000000;\">Para muchas personas, el hecho de que la ventana no tenga cortinas deja la estancia desnuda y, adem\u00e1s, les parece que las cortinas aportan calidez. Pero la verdad es que <strong>s<\/strong><\/span><span style=\"color: #000000;\"><strong>i tienes una ventana antigua o especialmente bien cuidada, valdr\u00e1 la pena que la muestres<\/strong>\u00a0en lugar de taparla con una cortina. En los <strong>pa\u00edses n\u00f3rdicos<\/strong> es muy habitual que no haya persianas ni cortinas en las ventanas, as\u00ed\u00a0<strong>aprovechan al m\u00e1ximo la luz natural<\/strong>. Prescindir de cortinas es una buena opci\u00f3n, especialmente, en pisos peque\u00f1os. Ya que las<strong>\u00a0cortinas tienden a empeque\u00f1ecer el espacio<\/strong>. En la foto puedes ver los nuevos dise\u00f1os de la <a href=\"https:\/\/www.kibuc.com\/es-ES\/Productos\/Listar\/Comedores\/Comedores?Order_colecc=&amp;Filtre_Coleccions=674&amp;target=-1&amp;tipo=&amp;preu_min=&amp;preu_max=&amp;valor_grup=\" target=\"_blank\" rel=\"noopener\">colecci\u00f3n Aiko<\/a> y la colecci\u00f3n de dormitorios <a href=\"https:\/\/www.kibuc.com\/es-ES\/Productos\/Listar\/Dormitorios\/Dormitorios?Order_colecc=&amp;Filtre_Coleccions=664&amp;target=-1&amp;tipo=&amp;preu_min=&amp;preu_max=&amp;valor_grup=\" target=\"_blank\" rel=\"noopener\">Asai<\/a>.<\/span><\/span><\/p>\n<p style=\"text-align: center;\"><img decoding=\"async\" class=\"aligncenter size-medium wp-image-7440\" title=\"Sal\u00f3n de la colecci\u00f3n Aiko\" alt=\"\" src=\"https:\/\/www.kibuc.com\/blog\/wp-content\/uploads\/2016\/02\/aiko1-512x284.jpg\" width=\"512\" height=\"284\" \/><\/p>\n<p style=\"text-align: center;\"><img decoding=\"async\" class=\"aligncenter size-medium wp-image-7442\" title=\"Mueble para el sal\u00f3n Aiko y butaca Arlet\" alt=\"\" src=\"https:\/\/www.kibuc.com\/blog\/wp-content\/uploads\/2016\/02\/01-512x338.jpg\" width=\"512\" height=\"338\" \/><\/p>\n<p><img decoding=\"async\" class=\"aligncenter size-medium wp-image-7444\" alt=\"Dormitorio Asai con cabezal tapizado\" src=\"https:\/\/www.kibuc.com\/blog\/wp-content\/uploads\/2016\/02\/sincotina-512x284.jpg\" width=\"512\" height=\"284\" \/><\/p>\n<p style=\"text-align: center;\"><img decoding=\"async\" class=\"aligncenter size-medium wp-image-7456\" title=\"Desmontando algunos mitos de la decoraci\u00f3n. Dormitorio Asai\" alt=\"Desmontando algunos mitos de la decoraci\u00f3n. Dormitorio Asai\" src=\"https:\/\/www.kibuc.com\/blog\/wp-content\/uploads\/2016\/03\/dormitorio-aiko-512x357.jpg\" width=\"512\" height=\"357\" \/><\/p>\n<p><strong><span style=\"color: #ff6600;\">2-EL ROSA ES PARA LOS DORMITORIOS DE INFANTILES DE NI\u00d1AS.<\/span><\/strong> Este a\u00f1o, m\u00e1s que nunca, no puede ser menos cierto este enunciado. Porque uno de los colores tendencia elegidos por <a href=\"https:\/\/www.kibuc.com\/blog\/como-decorar-con-los-colores-pantone-2016-el-cuarzo-rosa-y-el-serenity\/\" target=\"_blank\" rel=\"noopener\">Pantone para 2016 es el Rosa Cuarzo<\/a>. As\u00ed que <strong>podemos ver aplicado este color en casi cualquier estancia de la casa<\/strong>. No es nada cursi, <strong>nos resulta fresco, alegre, desenfadado y luminoso<\/strong>.<\/p>\n<p><img decoding=\"async\" class=\"aligncenter size-full wp-image-7448\" alt=\"\" src=\"https:\/\/www.kibuc.com\/blog\/wp-content\/uploads\/2016\/02\/W_Ekos_07_MG-512x362.jpg\" width=\"512\" height=\"362\" \/><\/p>\n<p><img decoding=\"async\" class=\"aligncenter size-medium wp-image-7449\" alt=\"Desmontando algunos mitos de la decoraci\u00f3n. Dormitorio Slaap\" src=\"https:\/\/www.kibuc.com\/blog\/wp-content\/uploads\/2016\/02\/12744410_10153916412219320_7933979027675991741_n-512x602.jpg\" width=\"512\" height=\"602\" \/><\/p>\n<p style=\"text-align: center;\"><img decoding=\"async\" class=\"aligncenter size-medium wp-image-7450\" title=\"Dormitorio de la colecci\u00f3n Slaap\" alt=\"Dormitorio de la colecci\u00f3n Slaap\" src=\"https:\/\/www.kibuc.com\/blog\/wp-content\/uploads\/2016\/02\/12694796_10153916412464320_6211085057911901308_o-512x285.jpg\" width=\"512\" height=\"285\" \/><\/p>\n<p style=\"text-align: left;\"><strong><span style=\"color: #ff6600;\">3-LAS SILLAS TIENEN QUE IR A CONJUNTO CON LA MESA DEL COMEDOR.<\/span><\/strong><span style=\"color: #ff6600;\">\u00a0<\/span><span style=\"color: #ff6600;\"><span style=\"color: #000000;\"><strong>La decoraci\u00f3n ecl\u00e9ctica est\u00e1 cada vez m\u00e1s de moda<\/strong>. Puedes combinar una mesa de madera cl\u00e1sica con unas sillas m\u00e1s modernas o tambi\u00e9n a la inversa. \u00a1<strong>Rompe con la monoton\u00eda!<\/strong> porque ya pas\u00f3 a la historia esa \u00e9poca en la que todo ten\u00eda que ir perfectamente conjuntado. Tambi\u00e9n puedes combinar diferentes colores o materiales. Las sillas pueden ser <strong>tapizadas, de piel, con estructura de madera o de metal<\/strong>\u2026las posibilidades son muchas.\u00a0<\/span><\/span><\/p>\n<p style=\"text-align: center;\"><img decoding=\"async\" class=\"aligncenter size-medium wp-image-7065\" title=\"Desmontando algunos mitos de la decoraci\u00f3n. Mesa Transfer\" alt=\"\" src=\"https:\/\/www.kibuc.com\/blog\/wp-content\/uploads\/2015\/12\/silla2-512x432.jpg\" width=\"512\" height=\"432\" \/><\/p>\n<p style=\"text-align: center;\"><img decoding=\"async\" class=\"aligncenter size-medium wp-image-6919\" title=\"Desmontando algunos mitos de la decoraci\u00f3n. Mesas de la colecci\u00f3n Signos\" alt=\"Desmontando algunos mitos de la decoraci\u00f3n. Mesas de la colecci\u00f3n Signos\" src=\"https:\/\/www.kibuc.com\/blog\/wp-content\/uploads\/2015\/11\/mesa-512x477.jpg\" width=\"512\" height=\"477\" \/><\/p>\n<p style=\"text-align: center;\"><img decoding=\"async\" class=\"aligncenter size-medium wp-image-6929\" title=\"Sillas de la colecci\u00f3n Signos\" alt=\"Sillas de la colecci\u00f3n Signos\" src=\"https:\/\/www.kibuc.com\/blog\/wp-content\/uploads\/2015\/11\/1signos-512x306.jpg\" width=\"512\" height=\"306\" \/><\/p>\n<p style=\"text-align: center;\"><img decoding=\"async\" class=\"aligncenter size-medium wp-image-6682\" title=\"Mesa extensible de la colecci\u00f3n Signos\" alt=\"Mesa extensible de la colecci\u00f3n Signos\" src=\"https:\/\/www.kibuc.com\/blog\/wp-content\/uploads\/2015\/09\/signos10-512x473.jpg\" width=\"512\" height=\"473\" \/><\/p>\n<p style=\"text-align: left;\"><strong><span style=\"color: #ff6600;\">4-EN EL DORMITORIO NO SE TRABAJA.<\/span><\/strong>\u00a0\u00bfY por qu\u00e9 no? El dormitorio puede ser un espacio ideal para <strong>ubicar un peque\u00f1o estudio o zona de trabajo. <\/strong>Vas a necesitar <strong>una mesa o tablero para trabajar y dejar el ordenador<\/strong>, a<strong>lgunos m\u00f3dulos de almacenaje y una silla muy c\u00f3moda.<\/strong>\u00a0El dormitorio te aportar\u00e1 esa tranquilidad que necesitas para trabajar y que igual no encuentras en otros espacios de la casa como, por ejemplo, el sal\u00f3n.<\/p>\n<p style=\"text-align: left;\"><img decoding=\"async\" class=\"aligncenter size-medium wp-image-7451\" alt=\"\" src=\"https:\/\/www.kibuc.com\/blog\/wp-content\/uploads\/2016\/02\/aikoescritorio-512x305.jpg\" width=\"512\" height=\"305\" \/><\/p>\n<p style=\"text-align: left;\"><img decoding=\"async\" class=\"aligncenter size-medium wp-image-7453\" alt=\"\" src=\"https:\/\/www.kibuc.com\/blog\/wp-content\/uploads\/2016\/02\/dormitorio-512x239.jpg\" width=\"512\" height=\"239\" \/><\/p>\n<p style=\"text-align: left;\"><img decoding=\"async\" class=\"aligncenter size-medium wp-image-7452\" alt=\"\" src=\"https:\/\/www.kibuc.com\/blog\/wp-content\/uploads\/2016\/02\/escritorio-512x443.jpg\" width=\"512\" height=\"443\" \/><\/p>\n<p style=\"text-align: left;\"><img decoding=\"async\" class=\"aligncenter size-medium wp-image-7461\" alt=\"escritorio para el dormitorio de la colecci\u00f3n Aiko\" src=\"https:\/\/www.kibuc.com\/blog\/wp-content\/uploads\/2016\/03\/escritorio-512x434.jpg\" width=\"512\" height=\"434\" \/><\/p>\n<p style=\"text-align: left;\"><strong><span style=\"color: #ff6600;\">5-ES MEJOR NO MERZCLAR DIFERENTES ESTAMPADOS O COLORES SOBRE EL SOF\u00c1.<\/span> <\/strong>Depende, con matices.\u00a0A la hora de seleccionar colores, <strong>la regla b\u00e1sica es buscar la armon\u00eda<\/strong>. Para elegir la <strong>paleta de colores<\/strong>, lo primero es identificar <strong>los\u00a02 o 3 tonos predominantes en tu sal\u00f3n<\/strong>. Pueden estar en la pared, en las cortinas o en la alfombra. A la hora de aplicar estos colores a los cojines, <strong>es fundamental que sean complementarios entre ellos. <\/strong>Si eliges <strong>cojines estampados<\/strong>,<strong>\u00a0<\/strong>usa colores del mismo tono e intensidad.<\/p>\n<p style=\"text-align: center;\"><img decoding=\"async\" class=\"aligncenter size-medium wp-image-6845\" title=\"Desmontando algunos mitos de la decoraci\u00f3n Sof\u00e1 BCN\" alt=\"Desmontando algunos mitos de la decoraci\u00f3n Sof\u00e1 BCN\" src=\"https:\/\/www.kibuc.com\/blog\/wp-content\/uploads\/2015\/10\/BCN-512x603.jpg\" width=\"512\" height=\"603\" \/><\/p>\n<p style=\"text-align: center;\"><img decoding=\"async\" class=\"aligncenter size-medium wp-image-7383\" title=\"Desmontando algunos mitos de la decoraci\u00f3n Sof\u00e1 BCN\" alt=\"Desmontando algunos mitos de la decoraci\u00f3n Sof\u00e1 BCN\" src=\"https:\/\/www.kibuc.com\/blog\/wp-content\/uploads\/2016\/02\/mesiat4-512x388.jpg\" width=\"512\" height=\"388\" \/><\/p>\n<p style=\"text-align: center;\"><img decoding=\"async\" class=\"aligncenter size-full wp-image-7457\" title=\"Desmontando algunos mitos de la decoraci\u00f3n Sof\u00e1 BCN\" alt=\"Desmontando algunos mitos de la decoraci\u00f3n Sof\u00e1 BCN\" src=\"https:\/\/www.kibuc.com\/blog\/wp-content\/uploads\/2016\/03\/bcn5-512x475.jpg\" width=\"512\" height=\"475\" \/><\/p>\n<h3 style=\"text-align: center;\"><span class=\"ez-toc-section\" id=\"%C2%BFQue_te_ha_parecido_este_articulo_%C2%BFY_tu_que_mitos_de_la_decoracion_decides_desmontar\"><\/span>\u00bfQu\u00e9 te ha parecido este art\u00edculo? \u00bfY t\u00fa qu\u00e9 mitos de la decoraci\u00f3n decides desmontar?<span class=\"ez-toc-section-end\"><\/span><\/h3>\n","protected":false},"excerpt":{"rendered":"<p>Podr\u00edamos decir que son como un rum-rum que hace tiempo que suena, preceptos decorativos mil veces pronunciados o tal vez prejuicios que se han institucionalizado en cuanto a c\u00f3mo debemos decorar&#8230;Vengan de donde vengan, lo cierto es que hoy queremos\u00a0desmontar y poner en entredicho esos t\u00f3picos de la decoraci\u00f3n que llevamos tiempo escuchando. Porque ahora, [&hellip;]<\/p>\n","protected":false},"author":3,"featured_media":15024,"comment_status":"closed","ping_status":"closed","sticky":false,"template":"","format":"gallery","meta":{"_acf_changed":false,"footnotes":""},"categories":[37],"tags":[908,916],"class_list":["post-15022","post","type-post","status-publish","format-gallery","has-post-thumbnail","hentry","category-tematicas","tag-decoracion","tag-inspiracion","post_format-post-format-gallery"],"acf":[],"_links":{"self":[{"href":"https:\/\/www.kibuc.com\/blog\/wp-json\/wp\/v2\/posts\/15022","targetHints":{"allow":["GET"]}}],"collection":[{"href":"https:\/\/www.kibuc.com\/blog\/wp-json\/wp\/v2\/posts"}],"about":[{"href":"https:\/\/www.kibuc.com\/blog\/wp-json\/wp\/v2\/types\/post"}],"author":[{"embeddable":true,"href":"https:\/\/www.kibuc.com\/blog\/wp-json\/wp\/v2\/users\/3"}],"replies":[{"embeddable":true,"href":"https:\/\/www.kibuc.com\/blog\/wp-json\/wp\/v2\/comments?post=15022"}],"version-history":[{"count":1,"href":"https:\/\/www.kibuc.com\/blog\/wp-json\/wp\/v2\/posts\/15022\/revisions"}],"predecessor-version":[{"id":21308,"href":"https:\/\/www.kibuc.com\/blog\/wp-json\/wp\/v2\/posts\/15022\/revisions\/21308"}],"wp:featuredmedia":[{"embeddable":true,"href":"https:\/\/www.kibuc.com\/blog\/wp-json\/wp\/v2\/media\/15024"}],"wp:attachment":[{"href":"https:\/\/www.kibuc.com\/blog\/wp-json\/wp\/v2\/media?parent=15022"}],"wp:term":[{"taxonomy":"category","embeddable":true,"href":"https:\/\/www.kibuc.com\/blog\/wp-json\/wp\/v2\/categories?post=15022"},{"taxonomy":"post_tag","embeddable":true,"href":"https:\/\/www.kibuc.com\/blog\/wp-json\/wp\/v2\/tags?post=15022"}],"curies":[{"name":"wp","href":"https:\/\/api.w.org\/{rel}","templated":true}]}}