{"id":14991,"date":"2016-02-18T10:40:04","date_gmt":"2016-02-18T10:40:04","guid":{"rendered":"https:\/\/kibuc.com\/blog\/?p=7397"},"modified":"2022-09-29T06:15:04","modified_gmt":"2022-09-29T06:15:04","slug":"decorar-con-camas-abatibles-una-gran-idea-para-ahorrar-espacio","status":"publish","type":"post","link":"https:\/\/www.kibuc.com\/blog\/decorar-con-camas-abatibles-una-gran-idea-para-ahorrar-espacio\/","title":{"rendered":"Decorar con camas abatibles. Una gran idea para ahorrar espacio"},"content":{"rendered":"<p style=\"text-align: center;\"><img decoding=\"async\" class=\"aligncenter size-medium wp-image-7398\" title=\"Cama abatible Chroma con escritorio incorporado\" alt=\"Cama abatible Chroma con escritorio incorporado\" src=\"https:\/\/www.kibuc.com\/blog\/wp-content\/uploads\/2016\/02\/abatible2-512x306.jpg\" width=\"512\" height=\"306\" \/><\/p>\n<p>Cuando los metros escasean, escoger los muebles adecuados para decorar la habitaci\u00f3n de tu hijo o hija puede ser todo un reto. Hoy, los dise\u00f1adores Kibuc te proponen <strong>ideas para decorar con camas abatibles<\/strong>. Una soluci\u00f3n muy pr\u00e1ctica para crear <strong>un espacio con mucha personalidad y a la vez muy funcional<\/strong>. \u00a1No te lo pierdas!<\/p>\n<p style=\"text-align: center;\"><img decoding=\"async\" class=\"aligncenter size-medium wp-image-7399\" title=\"Cama abatible Chroma con escritorio incorporado\" alt=\"Cama abatible Chroma con escritorio incorporado\" src=\"https:\/\/www.kibuc.com\/blog\/wp-content\/uploads\/2016\/02\/abatible1-512x510.jpg\" width=\"512\" height=\"510\" \/><\/p>\n<div id=\"ez-toc-container\" class=\"ez-toc-v2_0_82_2 counter-hierarchy ez-toc-counter ez-toc-grey ez-toc-container-direction\">\n<div class=\"ez-toc-title-container\">\n<p class=\"ez-toc-title\" style=\"cursor:inherit\">\u00cdndice de contenido<\/p>\n<span class=\"ez-toc-title-toggle\"><\/span><\/div>\n<nav><ul class='ez-toc-list ez-toc-list-level-1 ' ><li class='ez-toc-page-1 ez-toc-heading-level-2'><a class=\"ez-toc-link ez-toc-heading-1\" href=\"https:\/\/www.kibuc.com\/blog\/decorar-con-camas-abatibles-una-gran-idea-para-ahorrar-espacio\/#Decorar_con_camas_abatiles_Grandes_ideas_que_caben_en_pocos_metros\" >Decorar con camas abatiles. Grandes ideas que caben en pocos metros<\/a><ul class='ez-toc-list-level-3' ><li class='ez-toc-heading-level-3'><a class=\"ez-toc-link ez-toc-heading-2\" href=\"https:\/\/www.kibuc.com\/blog\/decorar-con-camas-abatibles-una-gran-idea-para-ahorrar-espacio\/#%C2%BFQue_te_parecen_estas_ideas_para_decorar_con_camas_abatibles\" >\u00bfQu\u00e9 te parecen estas ideas para decorar con camas abatibles?<\/a><\/li><\/ul><\/li><\/ul><\/nav><\/div>\n<h2 style=\"text-align: left;\"><span class=\"ez-toc-section\" id=\"Decorar_con_camas_abatiles_Grandes_ideas_que_caben_en_pocos_metros\"><\/span>Decorar con camas abatiles. Grandes ideas que caben en pocos metros<span class=\"ez-toc-section-end\"><\/span><\/h2>\n<p style=\"text-align: left;\"><span class=\"Apple-style-span\" style=\"font-size: 14px; font-weight: normal;\"><span class=\"Apple-style-span\" style=\"font-size: 14px; font-weight: normal;\">Si el\u00a0<strong>espacio<\/strong>\u00a0del que dispones para el dormitorio juvenil\u00a0<strong>es alargado y estrecho<\/strong>, te proponemos este dormitorio de la\u00a0<strong>colecci\u00f3n Niu<\/strong>\u00a0que consta de\u00a0<strong>cama abatible, armario y zona de estudio con librer\u00eda<\/strong>. Con las\u00a0<strong>camas abatibles\u00a0<\/strong>optimizar\u00e1s mejor el espacio ya que, de d\u00eda, las puedes plegar y as\u00ed te quedar\u00e1 la zona despejada.<\/span><\/span><\/p>\n<p style=\"text-align: center;\"><img decoding=\"async\" class=\"aligncenter size-full wp-image-7400\" title=\"Dormitorio con cama abatible de la colecci\u00f3n Niu\" alt=\"Dormitorio con cama abatible de la colecci\u00f3n Niu\" src=\"https:\/\/www.kibuc.com\/blog\/wp-content\/uploads\/2016\/02\/W_Niu_24_MG-1-512x320.jpg\" width=\"512\" height=\"320\" \/><\/p>\n<p style=\"text-align: center;\"><img decoding=\"async\" class=\"aligncenter size-full wp-image-7401\" title=\"Dormitorio con cama abatible de la colecci\u00f3n Niu\" alt=\"Dormitorio con cama abatible de la colecci\u00f3n Niu\" src=\"https:\/\/www.kibuc.com\/blog\/wp-content\/uploads\/2016\/02\/W_Niu_24_D2_G.jpg\" width=\"488\" height=\"349\" \/><\/p>\n<p style=\"text-align: center;\"><img decoding=\"async\" class=\"aligncenter size-full wp-image-7402\" title=\"Dormitorio con cama abatible de la colecci\u00f3n Niu\" alt=\"Dormitorio con cama abatible de la colecci\u00f3n Niu\" src=\"https:\/\/www.kibuc.com\/blog\/wp-content\/uploads\/2016\/02\/W_Niu_24_D1_G.jpg\" width=\"488\" height=\"349\" \/><\/p>\n<p style=\"text-align: left;\">Si<strong> tienes dos hijos o quieres disponer de una cama de invitados<\/strong>, te recomendamos\u00a0<strong>las literas abatibles.\u00a0<\/strong>Son pr\u00e1cticas. c\u00f3modas, muy seguras y har\u00e1n que te ahorres un mont\u00f3n de espacio en dormitorios para dos. Tambi\u00e9n puedes escoger una <strong>opci\u00f3n h\u00edbrida entre cama compacta y cama superior abatible<\/strong>. Una opci\u00f3n original y muy funcional. Y si no te gustan demasiado las literas, puedes colocar las camas en paralelo.<\/p>\n<p style=\"text-align: center;\"><img decoding=\"async\" class=\"aligncenter size-medium wp-image-7403\" title=\"Decorar con camas abatibles. Cama abatible m\u00e1s compacta Chroma\" alt=\"Decorar con camas abatibles. Cama abatible m\u00e1s compacta Chroma\" src=\"https:\/\/www.kibuc.com\/blog\/wp-content\/uploads\/2016\/02\/abatiblea-512x283.jpg\" width=\"512\" height=\"283\" \/><\/p>\n<p style=\"text-align: center;\"><img decoding=\"async\" class=\"aligncenter size-medium wp-image-7404\" title=\"Decorar con camas abatibles. Cama abatible m\u00e1s compacta de la colecci\u00f3n Chroma\" alt=\"Decorar con camas abatibles. Cama abatible m\u00e1s compacta de la colecci\u00f3n Chroma\" src=\"https:\/\/www.kibuc.com\/blog\/wp-content\/uploads\/2016\/02\/abatibleb-512x568.jpg\" width=\"512\" height=\"568\" \/><\/p>\n<p style=\"text-align: center;\"><img decoding=\"async\" class=\"aligncenter size-medium wp-image-7405\" title=\"Camas abatibles de la colecci\u00f3n Ringo\" alt=\"Camas abatibles de la colecci\u00f3n Ringo\" src=\"https:\/\/www.kibuc.com\/blog\/wp-content\/uploads\/2016\/02\/111-512x356.jpg\" width=\"512\" height=\"356\" \/><\/p>\n<p style=\"text-align: center;\"><img decoding=\"async\" class=\"aligncenter size-medium wp-image-7406\" title=\"Camas abatibles de la colecci\u00f3n Ringo\" alt=\"Camas abatibles de la colecci\u00f3n Ringo\" src=\"https:\/\/www.kibuc.com\/blog\/wp-content\/uploads\/2016\/02\/10-512x516.jpg\" width=\"512\" height=\"516\" \/><\/p>\n<p style=\"text-align: center;\"><img decoding=\"async\" class=\"aligncenter size-medium wp-image-7355\" alt=\"\" src=\"https:\/\/www.kibuc.com\/blog\/wp-content\/uploads\/2016\/02\/abatibles-512x307.jpg\" width=\"512\" height=\"307\" \/><\/p>\n<p style=\"text-align: center;\"><img decoding=\"async\" class=\"aligncenter size-medium wp-image-7356\" alt=\"\" src=\"https:\/\/www.kibuc.com\/blog\/wp-content\/uploads\/2016\/02\/abatibles1-512x519.jpg\" width=\"512\" height=\"519\" \/><\/p>\n<p style=\"text-align: left;\"><strong>\u00bfSolo cuentas con una pared para resolver todas las funciones del dormitorio?<\/strong>\u00a0En ese caso\u00a0necesitas <strong>soluciones\u00a0muy compactas\u00a0<\/strong>que integren zona de estudio y espacio de almacenaje. Muchas\u00a0camas plegables<strong> incorporan en su interior<strong>\u00a0baldas para dejar el despertador o el libro de cabecera. <\/strong><\/strong>Puedes escoger las camas con <strong>bajada horizontal o vertical.<\/strong><\/p>\n<p style=\"text-align: center;\"><img decoding=\"async\" class=\"aligncenter size-medium wp-image-7407\" title=\"Cama abatible da la colecci\u00f3n Ringo\" alt=\"Cama abatible da la colecci\u00f3n Ringo\" src=\"https:\/\/www.kibuc.com\/blog\/wp-content\/uploads\/2016\/02\/13-512x514.jpg\" width=\"512\" height=\"514\" \/><\/p>\n<p style=\"text-align: center;\"><img decoding=\"async\" class=\"aligncenter size-full wp-image-7408\" title=\"Cama abatible da la colecci\u00f3n Ringo\" alt=\"Cama abatible da la colecci\u00f3n Ringo\" src=\"https:\/\/www.kibuc.com\/blog\/wp-content\/uploads\/2016\/02\/W_Ringo_17_MG-512x307.jpg\" width=\"512\" height=\"307\" \/><\/p>\n<p style=\"text-align: center;\"><img decoding=\"async\" class=\"aligncenter size-full wp-image-7409\" title=\"Cama abatible da la colecci\u00f3n Ringo\" alt=\"Cama abatible da la colecci\u00f3n Ringo\" src=\"https:\/\/www.kibuc.com\/blog\/wp-content\/uploads\/2016\/02\/W_Ringo_17_D1_G.jpg\" width=\"488\" height=\"342\" \/><\/p>\n<h3 style=\"text-align: center;\"><span class=\"ez-toc-section\" id=\"%C2%BFQue_te_parecen_estas_ideas_para_decorar_con_camas_abatibles\"><\/span>\u00bfQu\u00e9 te parecen estas ideas para decorar con camas abatibles?<span class=\"ez-toc-section-end\"><\/span><\/h3>\n","protected":false},"excerpt":{"rendered":"<p>Cuando los metros escasean, escoger los muebles adecuados para decorar la habitaci\u00f3n de tu hijo o hija puede ser todo un reto. Hoy, los dise\u00f1adores Kibuc te proponen ideas para decorar con camas abatibles. Una soluci\u00f3n muy pr\u00e1ctica para crear un espacio con mucha personalidad y a la vez muy funcional. \u00a1No te lo pierdas! [&hellip;]<\/p>\n","protected":false},"author":3,"featured_media":14992,"comment_status":"closed","ping_status":"closed","sticky":false,"template":"","format":"gallery","meta":{"_acf_changed":false,"footnotes":""},"categories":[36],"tags":[904,908],"class_list":["post-14991","post","type-post","status-publish","format-gallery","has-post-thumbnail","hentry","category-productos","tag-camas-abatibles","tag-decoracion","post_format-post-format-gallery"],"acf":[],"_links":{"self":[{"href":"https:\/\/www.kibuc.com\/blog\/wp-json\/wp\/v2\/posts\/14991","targetHints":{"allow":["GET"]}}],"collection":[{"href":"https:\/\/www.kibuc.com\/blog\/wp-json\/wp\/v2\/posts"}],"about":[{"href":"https:\/\/www.kibuc.com\/blog\/wp-json\/wp\/v2\/types\/post"}],"author":[{"embeddable":true,"href":"https:\/\/www.kibuc.com\/blog\/wp-json\/wp\/v2\/users\/3"}],"replies":[{"embeddable":true,"href":"https:\/\/www.kibuc.com\/blog\/wp-json\/wp\/v2\/comments?post=14991"}],"version-history":[{"count":1,"href":"https:\/\/www.kibuc.com\/blog\/wp-json\/wp\/v2\/posts\/14991\/revisions"}],"predecessor-version":[{"id":21305,"href":"https:\/\/www.kibuc.com\/blog\/wp-json\/wp\/v2\/posts\/14991\/revisions\/21305"}],"wp:featuredmedia":[{"embeddable":true,"href":"https:\/\/www.kibuc.com\/blog\/wp-json\/wp\/v2\/media\/14992"}],"wp:attachment":[{"href":"https:\/\/www.kibuc.com\/blog\/wp-json\/wp\/v2\/media?parent=14991"}],"wp:term":[{"taxonomy":"category","embeddable":true,"href":"https:\/\/www.kibuc.com\/blog\/wp-json\/wp\/v2\/categories?post=14991"},{"taxonomy":"post_tag","embeddable":true,"href":"https:\/\/www.kibuc.com\/blog\/wp-json\/wp\/v2\/tags?post=14991"}],"curies":[{"name":"wp","href":"https:\/\/api.w.org\/{rel}","templated":true}]}}