{"id":14696,"date":"2015-10-26T13:17:12","date_gmt":"2015-10-26T13:17:12","guid":{"rendered":"https:\/\/kibuc.com\/blog\/?p=6886"},"modified":"2022-09-29T06:15:14","modified_gmt":"2022-09-29T06:15:14","slug":"consejos-para-elegir-el-color-del-sofa-para-gustos-los-colores","status":"publish","type":"post","link":"https:\/\/www.kibuc.com\/blog\/consejos-para-elegir-el-color-del-sofa-para-gustos-los-colores\/","title":{"rendered":"Consejos para elegir el color del sof\u00e1. Para gustos, los colores"},"content":{"rendered":"<p style=\"text-align: center;\"><img decoding=\"async\" class=\"aligncenter size-medium wp-image-6866\" title=\"Consejos para elegir el color del sof\u00e1. Sof\u00e1 Davao de Kibuc.\" alt=\"Consejos para elegir el color del sof\u00e1. Sof\u00e1 Davao de Kibuc.\" src=\"https:\/\/www.kibuc.com\/blog\/wp-content\/uploads\/2015\/10\/davao2-512x563.jpg\" width=\"512\" height=\"563\" \/><\/p>\n<p style=\"text-align: left;\"><strong>\u00bfUn tono fuerte, \u00a0claro o neutro?, \u00bfliso o estampado?<\/strong>, \u00bfquiz\u00e1s un color que combine con los muebles y la pared? Elegir el color del sof\u00e1 no es f\u00e1cil y si eres un poco indeciso todav\u00eda se complica m\u00e1s la cosa. Por eso hoy los estilistas <a href=\"https:\/\/www.kibuc.com\/es-ES\" target=\"_blank\" rel=\"noopener\">Kibuc <\/a>nos van a orientar con unos <strong>consejos para elegir el color del sof\u00e1 y acertar<\/strong>.<\/p>\n<p style=\"text-align: center;\"><img decoding=\"async\" class=\"aligncenter size-medium wp-image-5984\" title=\"Consejos para elegir el color del sof\u00e1. Sof\u00e1 Maui de Kibuc.\" alt=\"Consejos para elegir el color del sof\u00e1. Sof\u00e1 Maui de Kibuc.\" src=\"https:\/\/www.kibuc.com\/blog\/wp-content\/uploads\/2015\/04\/maui4-512x612.jpg\" width=\"512\" height=\"612\" \/><\/p>\n<div id=\"ez-toc-container\" class=\"ez-toc-v2_0_82_2 counter-hierarchy ez-toc-counter ez-toc-grey ez-toc-container-direction\">\n<div class=\"ez-toc-title-container\">\n<p class=\"ez-toc-title\" style=\"cursor:inherit\">\u00cdndice de contenido<\/p>\n<span class=\"ez-toc-title-toggle\"><\/span><\/div>\n<nav><ul class='ez-toc-list ez-toc-list-level-1 ' ><li class='ez-toc-page-1 ez-toc-heading-level-2'><a class=\"ez-toc-link ez-toc-heading-1\" href=\"https:\/\/www.kibuc.com\/blog\/consejos-para-elegir-el-color-del-sofa-para-gustos-los-colores\/#Consejos_para_elegir_el_color_del_sofa_Aspectos_a_tener_en_cuenta_para_decidirte\" >Consejos para elegir el color del sof\u00e1. Aspectos a tener en cuenta para decidirte.<\/a><ul class='ez-toc-list-level-3' ><li class='ez-toc-heading-level-3'><a class=\"ez-toc-link ez-toc-heading-2\" href=\"https:\/\/www.kibuc.com\/blog\/consejos-para-elegir-el-color-del-sofa-para-gustos-los-colores\/#%C2%BFQue_te_han_parecido_estos_consejos_para_escoger_color_de_sofa_%C2%BFA_ti_cual_te_gusta\" >\u00bfQu\u00e9 te han parecido estos consejos para escoger color de sof\u00e1? \u00bfA ti, cu\u00e1l te gusta?<\/a><\/li><\/ul><\/li><\/ul><\/nav><\/div>\n<h2><span class=\"ez-toc-section\" id=\"Consejos_para_elegir_el_color_del_sofa_Aspectos_a_tener_en_cuenta_para_decidirte\"><\/span>Consejos para elegir el color del sof\u00e1. Aspectos a tener en cuenta para decidirte.<span class=\"ez-toc-section-end\"><\/span><\/h2>\n<p><span style=\"color: #ff6600;\"><strong>EL TAMA\u00d1O DEL ESPACIO<\/strong>.<\/span> \u00a0<span style=\"color: #000000;\"><strong>Para salones peque\u00f1os<\/strong>, nuestros interioristas recomiendan <strong>colores claros: blanco, beige, gris y los colores pastel en su versi\u00f3n clara<\/strong>. Los tonos suaves ayudan a ampliar y agrandar el espacio y, adem\u00e1s, aportan <strong>luminosidad<\/strong>. En espacios peque\u00f1os, menos es m\u00e1s as\u00ed que siempre <strong>mejor los lisos que los estampados<\/strong>. Si por el contrario, tienes un sal\u00f3n grande prodr\u00e1s optar por tonos m\u00e1s fuertes y arriesgados o incluso estampados.<\/span><\/p>\n<p style=\"text-align: center;\"><img decoding=\"async\" class=\"aligncenter  wp-image-6699\" title=\"Consejos para elegir el color del sof\u00e1. Butaca BCN You and me de Kibuc\" alt=\"Consejos para elegir el color del sof\u00e1. Butaca BCN You and me de Kibuc\" src=\"https:\/\/www.kibuc.com\/blog\/wp-content\/uploads\/2015\/09\/bcn3-512x601.jpg\" width=\"461\" height=\"541\" \/><\/p>\n<p><img decoding=\"async\" class=\"aligncenter size-medium wp-image-6326\" alt=\"\" src=\"https:\/\/www.kibuc.com\/blog\/wp-content\/uploads\/2015\/06\/130-sofa_bari-512x309.jpg\" width=\"512\" height=\"309\" \/><\/p>\n<p style=\"text-align: center;\"><img decoding=\"async\" class=\"aligncenter size-medium wp-image-6205\" title=\"Consejos para elegir el color del sof\u00e1. Sof\u00e1 Siena de Kibuc y butaca Arona\" alt=\"Consejos para elegir el color del sof\u00e1. Sof\u00e1 Siena de Kibuc y butaca Arona\" src=\"https:\/\/www.kibuc.com\/blog\/wp-content\/uploads\/2015\/05\/Banner_Categ_Butaca-512x299.jpg\" width=\"512\" height=\"299\" \/><\/p>\n<p style=\"text-align: center;\"><img decoding=\"async\" class=\"aligncenter size-full wp-image-6888\" title=\"Consejos para elegir el color del sof\u00e1. Sof\u00e1 Siena de Kibuc de estilo n\u00f3rdico\" alt=\"Consejos para elegir el color del sof\u00e1. Sof\u00e1 Siena de Kibuc de estilo n\u00f3rdico\" src=\"https:\/\/www.kibuc.com\/blog\/wp-content\/uploads\/2015\/10\/W_Siena_02_D2_G.jpg\" width=\"488\" height=\"459\" \/><\/p>\n<p style=\"text-align: center;\"><img decoding=\"async\" class=\"aligncenter size-full wp-image-6887\" title=\"Consejos para elegir el color del sof\u00e1. Sof\u00e1 Asti de Kibuc\" alt=\"Consejos para elegir el color del sof\u00e1. Sof\u00e1 Asti de Kibuc\" src=\"https:\/\/www.kibuc.com\/blog\/wp-content\/uploads\/2015\/10\/W_Asti_01_D1_G.jpg\" width=\"488\" height=\"293\" \/><\/p>\n<p style=\"text-align: center;\"><img decoding=\"async\" class=\"aligncenter size-medium wp-image-6891\" alt=\"\" src=\"https:\/\/www.kibuc.com\/blog\/wp-content\/uploads\/2015\/10\/maui-512x307.jpg\" width=\"512\" height=\"307\" \/><\/p>\n<p><strong><span style=\"color: #ff6600;\">EL ESTILO DEL AMBIENTE. <\/span><\/strong><span style=\"color: #000000;\">Como es l\u00f3gico, el sof\u00e1 tiene que ir <strong>en sinton\u00eda con el estilo decorativo de tu sal\u00f3n<\/strong>. A la hora de elegir color, nuestros interioristas nos comentan que <strong>puedes escoger dos estrategias decorativas<\/strong>. \u00a0Puedes elegir\u00a0<strong>una tapicer\u00eda que se integre suavemente en la gama crom\u00e1tica del espacio<\/strong>. Por ejemplo, un sof\u00e1 beige en un sal\u00f3n en el que predominan grises y blancos. \u00a0Los sof\u00e1s de tonos neutros son los m\u00e1s combinables.<\/span><\/p>\n<p><img decoding=\"async\" class=\"aligncenter size-medium wp-image-6889\" alt=\"\" src=\"https:\/\/www.kibuc.com\/blog\/wp-content\/uploads\/2015\/10\/W_Athos_12_MG-512x320.jpg\" width=\"512\" height=\"320\" \/><\/p>\n<p style=\"text-align: center;\"><img decoding=\"async\" class=\"aligncenter size-medium wp-image-6694\" title=\"Consejos para elegir el color del sof\u00e1. Sof\u00e1 Fold De Kibuc con relax\" alt=\"Consejos para elegir el color del sof\u00e1. Sof\u00e1 Fold De Kibuc con relax\" src=\"https:\/\/www.kibuc.com\/blog\/wp-content\/uploads\/2015\/09\/11954745_10153557813099320_1953631997609822562_n-512x309.jpg\" width=\"512\" height=\"309\" \/><\/p>\n<p><img decoding=\"async\" class=\"aligncenter size-medium wp-image-6078\" alt=\"\" src=\"https:\/\/www.kibuc.com\/blog\/wp-content\/uploads\/2014\/11\/W_transfer_2-512x309.jpg\" width=\"512\" height=\"309\" \/><\/p>\n<p>Por el contrario, tambi\u00e9n puedes <strong>darle todo el protagonismo al sof\u00e1<\/strong>, escogiendo un color coincidente con un complemento, las cortinas o la alfombra.<\/p>\n<p style=\"text-align: center;\"><img decoding=\"async\" class=\"aligncenter size-full wp-image-6199\" title=\"Consejos para escoger sof\u00e1. Sof\u00e1 Tuit de Kibuc con chaise longue\" alt=\"Consejos para escoger sof\u00e1. Sof\u00e1 Tuit de Kibuc con chaise longue\" src=\"https:\/\/www.kibuc.com\/blog\/wp-content\/uploads\/2015\/05\/W_TUI01-A-G.jpg\" width=\"488\" height=\"352\" \/><\/p>\n<p style=\"text-align: center;\"><img decoding=\"async\" class=\"aligncenter size-medium wp-image-6439\" title=\"Consejos para escoger sof\u00e1. Sof\u00e1 Maui de Kibuc con chaise longue\" alt=\"Consejos para escoger sof\u00e1. Sof\u00e1 mauide Kibuc con chaise longue\" src=\"https:\/\/www.kibuc.com\/blog\/wp-content\/uploads\/2015\/07\/W_maui_2_D-512x309.jpg\" width=\"512\" height=\"309\" \/><\/p>\n<p style=\"text-align: center;\"><img decoding=\"async\" class=\"aligncenter size-full wp-image-6007\" title=\"Consejos para escoger sof\u00e1. Sof\u00e1 Tuit de Kibuc con chaise longue\" alt=\"Consejos para escoger sof\u00e1. Sof\u00e1 Tuit de Kibuc con chaise longue\" src=\"https:\/\/www.kibuc.com\/blog\/wp-content\/uploads\/2015\/04\/cuadros-Tuit.jpg\" width=\"512\" height=\"308\" \/><\/p>\n<p><strong><span style=\"color: #ff6600;\">\u00a0TELA LISA O ESTAMPADA. <\/span><\/strong><span style=\"color: #ff6600;\"><span style=\"color: #000000;\">Aunque es cierto que los sof\u00e1s lisos predominan, los <strong>sof\u00e1s estampados<\/strong> le van a dar una <strong>gran personalidad a \u00a0tu ambiente<\/strong>. El truco est\u00e1 en elegir correctamente la combinaci\u00f3n de colores.<br \/>\n<\/span><\/span><\/p>\n<p style=\"text-align: center;\"><img decoding=\"async\" class=\"aligncenter size-full wp-image-6890\" title=\"Consejos para escoger sof\u00e1. Sof\u00e1 BCN estampado de Kibuc. Gran amplitud de asiento\" alt=\"Consejos para escoger sof\u00e1. Sof\u00e1 BCN estampado de Kibuc. Gran amplitud ed asiento\" src=\"https:\/\/www.kibuc.com\/blog\/wp-content\/uploads\/2015\/10\/BCN21.jpg\" width=\"512\" height=\"355\" \/><\/p>\n<p><strong><span style=\"color: #ff6600;\">LA PRESENCIA DE NI\u00d1OS Y MASCOTAS EN CASA<\/span><\/strong>. Este factor puede determinar de manera decisiva la elecci\u00f3n de un color u otro.<strong> Si tienes ni\u00f1os peque\u00f1os en casa, perros o gatos lo mejor es que optes por un color m\u00e1s oscuro<\/strong>. Tambi\u00e9n puedes elegir telas claras como <a href=\"https:\/\/www.kibuc.com\/es-ES\/Eficiencia\" target=\"_blank\" rel=\"noopener\">Efficiency\u00ae<\/a> que son anti manchas y muy f\u00e1ciles de limpiar.<\/p>\n<p style=\"text-align: center;\"><img decoding=\"async\" class=\"aligncenter size-medium wp-image-6892\" title=\"Consejos para elegir sof\u00e1. Tela Eefiency\u00ae f\u00e1cil de limpiar y resistente\" alt=\"Consejos para elegir sof\u00e1. Tela Eefiency\u00ae f\u00e1cil de limpiar y resistente\" src=\"https:\/\/www.kibuc.com\/blog\/wp-content\/uploads\/2015\/10\/11-512x194.jpg\" width=\"512\" height=\"194\" \/><\/p>\n<p>Por \u00faltimo&#8230;<strong>si en tu sal\u00f3n entra mucha luz<\/strong>, no escojas un sof\u00e1 oscuro ya que va a acabar perdiendo color y deterior\u00e1ndose.<\/p>\n<p>Y recuerda que. solo este mes, <strong>por la compra de un sof\u00e1 o butaca Kibuc <a href=\"https:\/\/www.kibuc.com\/es-ES\/Productos\/Listar\/Sof\u00e1s\/Sof\u00e1s\/CSOFAS\" target=\"_blank\" rel=\"noopener\">te regalamos tu serie favorita <\/a>completa: Juego de Tronos, The Walking Dead y muchas m\u00e1s.<\/strong><\/p>\n<p><img decoding=\"async\" class=\"aligncenter size-medium wp-image-6850\" alt=\"\" src=\"https:\/\/www.kibuc.com\/blog\/wp-content\/uploads\/2015\/10\/K_CampanyaOctubre_SOFAS_Carrousel_600x600_01-512x512.jpg\" width=\"512\" height=\"512\" \/><\/p>\n<p><img decoding=\"async\" class=\"aligncenter size-medium wp-image-6851\" alt=\"\" src=\"https:\/\/www.kibuc.com\/blog\/wp-content\/uploads\/2015\/10\/K_CampanyaOctubre_SOFAS_Carrousel_600x600_02-512x512.jpg\" width=\"512\" height=\"512\" \/><\/p>\n<h3 style=\"text-align: center;\"><span class=\"ez-toc-section\" id=\"%C2%BFQue_te_han_parecido_estos_consejos_para_escoger_color_de_sofa_%C2%BFA_ti_cual_te_gusta\"><\/span><span style=\"color: #ff6600;\">\u00bfQu\u00e9 te han parecido estos consejos para escoger color de sof\u00e1? \u00bfA ti, cu\u00e1l te gusta?<\/span><span class=\"ez-toc-section-end\"><\/span><\/h3>\n","protected":false},"excerpt":{"rendered":"<p>\u00bfUn tono fuerte, \u00a0claro o neutro?, \u00bfliso o estampado?, \u00bfquiz\u00e1s un color que combine con los muebles y la pared? Elegir el color del sof\u00e1 no es f\u00e1cil y si eres un poco indeciso todav\u00eda se complica m\u00e1s la cosa. Por eso hoy los estilistas Kibuc nos van a orientar con unos consejos para elegir [&hellip;]<\/p>\n","protected":false},"author":3,"featured_media":14697,"comment_status":"closed","ping_status":"closed","sticky":false,"template":"","format":"gallery","meta":{"_acf_changed":false,"footnotes":""},"categories":[36],"tags":[1008],"class_list":["post-14696","post","type-post","status-publish","format-gallery","has-post-thumbnail","hentry","category-productos","tag-sofas","post_format-post-format-gallery"],"acf":[],"_links":{"self":[{"href":"https:\/\/www.kibuc.com\/blog\/wp-json\/wp\/v2\/posts\/14696","targetHints":{"allow":["GET"]}}],"collection":[{"href":"https:\/\/www.kibuc.com\/blog\/wp-json\/wp\/v2\/posts"}],"about":[{"href":"https:\/\/www.kibuc.com\/blog\/wp-json\/wp\/v2\/types\/post"}],"author":[{"embeddable":true,"href":"https:\/\/www.kibuc.com\/blog\/wp-json\/wp\/v2\/users\/3"}],"replies":[{"embeddable":true,"href":"https:\/\/www.kibuc.com\/blog\/wp-json\/wp\/v2\/comments?post=14696"}],"version-history":[{"count":1,"href":"https:\/\/www.kibuc.com\/blog\/wp-json\/wp\/v2\/posts\/14696\/revisions"}],"predecessor-version":[{"id":21274,"href":"https:\/\/www.kibuc.com\/blog\/wp-json\/wp\/v2\/posts\/14696\/revisions\/21274"}],"wp:featuredmedia":[{"embeddable":true,"href":"https:\/\/www.kibuc.com\/blog\/wp-json\/wp\/v2\/media\/14697"}],"wp:attachment":[{"href":"https:\/\/www.kibuc.com\/blog\/wp-json\/wp\/v2\/media?parent=14696"}],"wp:term":[{"taxonomy":"category","embeddable":true,"href":"https:\/\/www.kibuc.com\/blog\/wp-json\/wp\/v2\/categories?post=14696"},{"taxonomy":"post_tag","embeddable":true,"href":"https:\/\/www.kibuc.com\/blog\/wp-json\/wp\/v2\/tags?post=14696"}],"curies":[{"name":"wp","href":"https:\/\/api.w.org\/{rel}","templated":true}]}}