{"id":13641,"date":"2015-01-20T13:56:05","date_gmt":"2015-01-20T13:56:05","guid":{"rendered":"https:\/\/kibuc.com\/blog\/?p=5248"},"modified":"2022-09-29T06:15:50","modified_gmt":"2022-09-29T06:15:50","slug":"elegir-el-cabecero-de-la-cama","status":"publish","type":"post","link":"https:\/\/www.kibuc.com\/blog\/elegir-el-cabecero-de-la-cama\/","title":{"rendered":"Elegir el cabecero de la cama del dormitorio. Dise\u00f1os despiertos"},"content":{"rendered":"<p><strong>La elecci\u00f3n del cabecero de la cama<\/strong> es una decisi\u00f3n importante ya que va a marcar, en gran medida, <strong>el estilo decorativo de tu dormitorio<\/strong>. <strong>Dise\u00f1o, material, tama\u00f1o y forma son algunas de los aspectos que deber\u00e1s tener en cuenta<\/strong>. Hoy, desde <a href=\"https:\/\/www.kibuc.com\/es-ES\" target=\"_blank\" rel=\"noopener\">Kibuc<\/a>, te damos algunos consejos para que\u00a0<strong>elegir cabecero <\/strong>sea un poquito m\u00e1s f\u00e1cil.<\/p>\n<p style=\"text-align: center;\"><img decoding=\"async\" class=\"aligncenter size-medium wp-image-5260\" title=\"Elegir el cabecero de la cama.  Cabecero de la colecci\u00f3n Slaap en blanco.\" alt=\"Elegir el cabecero de la cama.  Cabecero de la colecci\u00f3n Slaap en blanco.\" src=\"https:\/\/www.kibuc.com\/blog\/wp-content\/uploads\/2015\/01\/W_Slaap_11_MG-512x310.jpg\" width=\"512\" height=\"310\" \/><\/p>\n<h2>Elegir el cabecero de la cama. Consejos para dise\u00f1os despiertos<\/h2>\n<p><strong>1-EL TAMA\u00d1O DE LA HABITACI\u00d3N<\/strong>. Este es el primer elemento que debemos tener en cuenta. Si tu\u00a0<strong>habitaci\u00f3n es peque\u00f1a, <\/strong>olv\u00eddate de poner un\u00a0cabecero demasiado grande ya que el efecto no ser\u00e1 bueno. Aunque dispongas de un espacio amplio, te recomendamos no abusar de la altura, intenta <strong>no sobrepasar los 130 cm de altura<\/strong>. Un cabecero debe cumplir la funci\u00f3n de poder apoyarnos sin manchar la pared.<\/p>\n<p style=\"text-align: center;\"><img decoding=\"async\" class=\"aligncenter size-medium wp-image-5249\" title=\"Elegir el cabecero de la cama. Cabecero de la colecci\u00f3n Slaap de Kibuc de estilo natural.\" alt=\"Elegir el cabecero de la cama. Cabecero de la colecci\u00f3n Slaap de Kibuc de estilo natural\" src=\"https:\/\/www.kibuc.com\/blog\/wp-content\/uploads\/2015\/01\/W_Slaap_16_MG-512x310.jpg\" width=\"512\" height=\"310\" \/><\/p>\n<p style=\"text-align: center;\"><img decoding=\"async\" class=\"aligncenter size-full wp-image-5250\" title=\"Elegir el cabecero de la cama. Cabecero de la colecci\u00f3n Slaap de Kibuc de estilo natural\" alt=\"Elegir el cabecero de la cama. Cabecero de la colecci\u00f3n Slaap de Kibuc de estilo natural\" src=\"https:\/\/www.kibuc.com\/blog\/wp-content\/uploads\/2015\/01\/W_Slaap_16_D2_G.jpg\" width=\"488\" height=\"352\" \/><\/p>\n<p style=\"text-align: left;\"><strong>2-EL MATERIAL<\/strong>. La elecci\u00f3n del material es fundamental. Estudia bien <strong>la sensaci\u00f3n que quieres proyectar en tu dormitorio.\u00a0<\/strong>\u00bfQuieres crear un espacio c\u00e1lido, un ambiente rom\u00e1ntico o m\u00e1s bien fr\u00edo y moderno? Por ejemplo, los <strong>lacados blancos<\/strong>\u00a0potencian sensaciones luminosas y relajantes y ampl\u00edan el espacio. En cambio, <strong>los acabados naturales<\/strong> crean ambientes c\u00e1lidos y acogedores. Y si quieres un espacio envolvente, nada mejor que <strong>escoger un cabecero\u00a0tapizado<\/strong>.<\/p>\n<p style=\"text-align: center;\"><img decoding=\"async\" class=\"aligncenter size-medium wp-image-5251\" title=\"Elegir el cabecero de la cama. Cabecero de la colecci\u00f3n Nuit de Kibuc en acabado lacado blanco.\" alt=\"Elegir el cabecero de la cama. Cabecero de la colecci\u00f3n Nuit de Kibuc en acabado lacado blanco.\" src=\"https:\/\/www.kibuc.com\/blog\/wp-content\/uploads\/2015\/01\/W_Nuit_28_MG-512x384.jpg\" width=\"512\" height=\"384\" \/><\/p>\n<p style=\"text-align: center;\"><img decoding=\"async\" class=\"aligncenter size-medium wp-image-5252\" title=\"Elegir el cabecero de la cama. Cabecero de la colecci\u00f3n Nuit de Kibuc en acabado lacado blanco.\" alt=\"Elegir el cabecero de la cama. Cabecero de la colecci\u00f3n Nuit de Kibuc en acabado lacado blanco.\" src=\"https:\/\/www.kibuc.com\/blog\/wp-content\/uploads\/2015\/01\/W_Nuit_03_MG-512x362.jpg\" width=\"512\" height=\"362\" \/><\/p>\n<p style=\"text-align: left;\"><img decoding=\"async\" class=\"aligncenter size-medium wp-image-5253\" title=\"Elegir el cabecero de la cama. cabecero de la colecci\u00f3n Aiko de Kibuc en acabado roble. C\u00e1lido y acogedor.\" alt=\"Elegir el cabecero de la cama. cabecero de la colecci\u00f3n Aiko de Kibuc en acabado roble. C\u00e1lido y acogedor.\" src=\"https:\/\/www.kibuc.com\/blog\/wp-content\/uploads\/2015\/01\/W_Aiko_04_MG-512x307.jpg\" width=\"512\" height=\"307\" \/><\/p>\n<p style=\"text-align: center;\"><img decoding=\"async\" class=\"aligncenter size-full wp-image-4914\" title=\"Elegir el cabecero de la cama. Cabecero tapizado de la colecci\u00f3n Aiko de Kibuc.\" alt=\"Elegir el cabecero de la cama. Cabecero tapizado de la colecci\u00f3n Aiko de Kibuc.\" src=\"https:\/\/www.kibuc.com\/blog\/wp-content\/uploads\/2014\/12\/cabezal-512x413.jpg\" width=\"512\" height=\"413\" \/><\/p>\n<p style=\"text-align: center;\"><img decoding=\"async\" class=\"aligncenter size-medium wp-image-5254\" title=\"Elegir el cabecero de la cama. Cabecero tapizado de la colecci\u00f3n Aiko de Kibuc. Tapizado tit\u00e1n.\" alt=\"Elegir el cabecero de la cama. Cabecero tapizado de la colecci\u00f3n Aiko de Kibuc. Tapizado tit\u00e1n.\" src=\"https:\/\/www.kibuc.com\/blog\/wp-content\/uploads\/2015\/01\/232-KIBUCAIRDORM08C161211-512x310.jpg\" width=\"512\" height=\"310\" \/><\/p>\n<p style=\"text-align: left;\"><strong>3-EL DISE\u00d1O.\u00a0<\/strong>Rectos, lisos, con formas \u00a0geom\u00e9tricas, curvados y en diferentes colores. En Kibuc encontrar\u00e1s los m\u00e1s variados dise\u00f1os para tu <a href=\"https:\/\/www.kibuc.com\/es-ES\/Productos\/Listar\/Dormitorio\" target=\"_blank\" rel=\"noopener\">cabecero<\/a>. <strong>Minimalistas, desenfadados, modernos, juveniles, urbanitas o cl\u00e1sicos<\/strong>. Dise\u00f1os que se adaptan a tu personalidad y tambi\u00e9n a tu espacio. Y a la hora de elegir dise\u00f1o, <strong>ten en cuenta la pared<\/strong>. <strong>Te aconsejamos que diferencies el cabecero de la pared para que \u00e9ste tenga m\u00e1s protagonismo.<\/strong><\/p>\n<p style=\"text-align: center;\"><img decoding=\"async\" class=\"aligncenter size-medium wp-image-5255\" title=\"Elegir el cabacero de la cama. Cabecero Slaap de Kibuc en estilo desenfadado.\" alt=\"Elegir el cabacero de la cama. Cabecero Slaap de Kibuc en estilo desenfadado.\" src=\"https:\/\/www.kibuc.com\/blog\/wp-content\/uploads\/2015\/01\/W_Slaap_08_MG-512x310.jpg\" width=\"512\" height=\"310\" \/><\/p>\n<p style=\"text-align: center;\"><img decoding=\"async\" class=\"aligncenter size-medium wp-image-5256\" title=\"Elegir el cabacero de la cama. Cabecero Slaap de Kibuc con formas geom\u00e9tricas en dos colores.\" alt=\"Elegir el cabacero de la cama. Cabecero Slaap de Kibuc con formas geom\u00e9tricas en dos colores.\" src=\"https:\/\/www.kibuc.com\/blog\/wp-content\/uploads\/2015\/01\/W_Slaap_15_MG-512x310.jpg\" width=\"512\" height=\"310\" \/><\/p>\n<p style=\"text-align: center;\"><img decoding=\"async\" class=\"aligncenter size-full wp-image-5257\" title=\"Elegir el cabacero de la cama. Cabecero Slaap de Kibuc con formas geom\u00e9tricas en dos colores.\" alt=\"Elegir el cabacero de la cama. Cabecero Slaap de Kibuc con formas geom\u00e9tricas en dos colores.\" src=\"https:\/\/www.kibuc.com\/blog\/wp-content\/uploads\/2015\/01\/W_Slaap_15_D1_G.jpg\" width=\"488\" height=\"352\" \/><\/p>\n<p style=\"text-align: center;\"><img decoding=\"async\" class=\"aligncenter size-medium wp-image-5258\" title=\"Elegir el cabacero de la cama. Cabecero Aiko de Kibuc en un estilo muy glamuroso y acabado en nogal\" alt=\"Elegir el cabacero de la cama. Cabecero Aiko de Kibuc en un estilo muy glamuroso y acabado en nogal\" src=\"https:\/\/www.kibuc.com\/blog\/wp-content\/uploads\/2015\/01\/W_Aiko_06_MG-512x307.jpg\" width=\"512\" height=\"307\" \/><\/p>\n<p style=\"text-align: center;\"><img decoding=\"async\" class=\"aligncenter size-medium wp-image-5259\" title=\"Elegir el cabecero de la cama. Cabecero de la colecci\u00f3n Slaap de Kibuc  con espacio para almacenar.\" alt=\"Elegir el cabecero de la cama. Cabecero de la colecci\u00f3n Slaap de Kibuc  con espacio para almacenar.\" src=\"https:\/\/www.kibuc.com\/blog\/wp-content\/uploads\/2015\/01\/W_Nuit_02_MG-512x298.jpg\" width=\"512\" height=\"298\" \/><\/p>\n<p style=\"text-align: left;\">\u00bfQu\u00e9 te han parecido estos<strong> consejos para elegir cabecero<\/strong>? \u00bfcu\u00e1l te gusta m\u00e1s? Comparte tus opiniones con nosotros.<\/p>\n<p style=\"text-align: left;\">Tambi\u00e9n en <strong>Sin Moverte de Casa<\/strong>&gt;C<a href=\"https:\/\/www.kibuc.com\/blog\/cabeceros-de-cama-con-luz-una-idea-de-decoracion-brillante\/\" target=\"_blank\" rel=\"noopener\">abeceros de cama con luz<\/a>.\u00a0<a href=\"https:\/\/www.kibuc.com\/blog\/camas-tapizadas-una-sensacion-muy-calida-y-confortable\/\" target=\"_blank\" rel=\"noopener\">Camas tapizadas. Una sensaci\u00f3n muy c\u00e1lida y confortable.<\/a><\/p>\n","protected":false},"excerpt":{"rendered":"<p>La elecci\u00f3n del cabecero de la cama es una decisi\u00f3n importante ya que va a marcar, en gran medida, el estilo decorativo de tu dormitorio. Dise\u00f1o, material, tama\u00f1o y forma son algunas de los aspectos que deber\u00e1s tener en cuenta. Hoy, desde Kibuc, te damos algunos consejos para que\u00a0elegir cabecero sea un poquito m\u00e1s f\u00e1cil. [&hellip;]<\/p>\n","protected":false},"author":3,"featured_media":13642,"comment_status":"closed","ping_status":"closed","sticky":false,"template":"","format":"gallery","meta":{"_acf_changed":false,"footnotes":""},"categories":[35],"tags":[904,1000],"class_list":["post-13641","post","type-post","status-publish","format-gallery","has-post-thumbnail","hentry","category-estancias","tag-camas-abatibles","tag-dormitorios","post_format-post-format-gallery"],"acf":[],"_links":{"self":[{"href":"https:\/\/www.kibuc.com\/blog\/wp-json\/wp\/v2\/posts\/13641","targetHints":{"allow":["GET"]}}],"collection":[{"href":"https:\/\/www.kibuc.com\/blog\/wp-json\/wp\/v2\/posts"}],"about":[{"href":"https:\/\/www.kibuc.com\/blog\/wp-json\/wp\/v2\/types\/post"}],"author":[{"embeddable":true,"href":"https:\/\/www.kibuc.com\/blog\/wp-json\/wp\/v2\/users\/3"}],"replies":[{"embeddable":true,"href":"https:\/\/www.kibuc.com\/blog\/wp-json\/wp\/v2\/comments?post=13641"}],"version-history":[{"count":1,"href":"https:\/\/www.kibuc.com\/blog\/wp-json\/wp\/v2\/posts\/13641\/revisions"}],"predecessor-version":[{"id":21238,"href":"https:\/\/www.kibuc.com\/blog\/wp-json\/wp\/v2\/posts\/13641\/revisions\/21238"}],"wp:featuredmedia":[{"embeddable":true,"href":"https:\/\/www.kibuc.com\/blog\/wp-json\/wp\/v2\/media\/13642"}],"wp:attachment":[{"href":"https:\/\/www.kibuc.com\/blog\/wp-json\/wp\/v2\/media?parent=13641"}],"wp:term":[{"taxonomy":"category","embeddable":true,"href":"https:\/\/www.kibuc.com\/blog\/wp-json\/wp\/v2\/categories?post=13641"},{"taxonomy":"post_tag","embeddable":true,"href":"https:\/\/www.kibuc.com\/blog\/wp-json\/wp\/v2\/tags?post=13641"}],"curies":[{"name":"wp","href":"https:\/\/api.w.org\/{rel}","templated":true}]}}