{"id":13292,"date":"2014-10-09T12:09:18","date_gmt":"2014-10-09T12:09:18","guid":{"rendered":"https:\/\/kibuc.com\/blog\/?p=4510"},"modified":"2022-09-29T06:16:16","modified_gmt":"2022-09-29T06:16:16","slug":"decoracion-nordica-para-una-sala-muy-fresca-y-relajante","status":"publish","type":"post","link":"https:\/\/www.kibuc.com\/blog\/decoracion-nordica-para-una-sala-muy-fresca-y-relajante\/","title":{"rendered":"Decoraci\u00f3n n\u00f3rdica para una sala muy fresca y relajante"},"content":{"rendered":"<p style=\"text-align: center;\"><img decoding=\"async\" class=\"aligncenter size-medium wp-image-4511\" title=\"Decoraci\u00f3n n\u00f3rdica. Sof\u00e1 3 plazas Siena, butaca Ancona y mueble Sombra de Kibuc.\" alt=\"Decoraci\u00f3n n\u00f3rdica. Sof\u00e1 3 plazas Siena, butaca Ancona y mueble Sombra de Kibuc.\" src=\"https:\/\/www.kibuc.com\/blog\/wp-content\/uploads\/2014\/10\/nordic-512x305.jpg\" width=\"512\" height=\"305\" \/><\/p>\n<p>La <strong>decoraci\u00f3n n\u00f3rdica<\/strong> cada vez \u00a0tiene m\u00e1s fans en nuestro pa\u00eds porque con pocos elementos podemos crear espacios muy atractivos. Este a\u00f1o, en el <a href=\"https:\/\/www.kibuc.com\/es-ES\/Catalogos\/ver.\" target=\"_blank\" rel=\"noopener\">nuevo Cat\u00e1logo Kibuc 2015<\/a>, le hemos querido dar un peque\u00f1o espacio a este estilo con algunas <strong>propuestas de muebles y ambientes luminosos, frescos y relajantes. <\/strong>Si te gusta la <strong>decoraci\u00f3n n\u00f3rdica<\/strong>, no te pierdas nuestras propuestas.<\/p>\n<h2>Decoraci\u00f3n n\u00f3rdica. Las claves de este estilo<\/h2>\n<p>Uno de los factores claves para conseguir este estilo en tu sala o en cualquier rinc\u00f3n de tu casa es la <strong>adecuada conjugaci\u00f3n de colores<\/strong>. Debes escoger <strong>colores claros, textiles naturales y materiales nobles como la madera<\/strong>. Uno de los factores fundamentales es conseguir un <strong>espacio luminoso<\/strong> as\u00ed que tambi\u00e9n es importante que potencies <strong>la luz natural en tu sala<\/strong>. En la fotograf\u00eda, <strong>el sof\u00e1 <a href=\"https:\/\/www.kibuc.com\/es-ES\/Productos\/Ver\/W_SIENA_01\" target=\"_blank\" rel=\"noopener\">Siena<\/a> y la butaca <a href=\"https:\/\/www.kibuc.com\/es-ES\/Productos\/Ver\/W_ANCORA_01#\" target=\"_blank\" rel=\"noopener\">Ancora<\/a> de Kibuc,<\/strong> son los protagonistas de un espacio sencillo pero <strong>muy confortable.<\/strong><\/p>\n<p style=\"text-align: center;\"><img decoding=\"async\" class=\"aligncenter size-medium wp-image-4512\" title=\"Decoraci\u00f3n n\u00f3rdica. Sof\u00e1 3 plazas Siena y butaca Ancona.\" alt=\"Decoraci\u00f3n n\u00f3rdica. Sof\u00e1 3 plazas Siena y butaca Ancona.\" src=\"https:\/\/www.kibuc.com\/blog\/wp-content\/uploads\/2014\/10\/nordic1-512x302.jpg\" width=\"512\" height=\"302\" \/><\/p>\n<p style=\"text-align: center;\"><img decoding=\"async\" class=\"aligncenter size-medium wp-image-4513\" title=\"Decoraci\u00f3n n\u00f3rdica. Sof\u00e1 3 plazas Siena con patas de madera\" alt=\"Decoraci\u00f3n n\u00f3rdica. Sof\u00e1 3 plazas Siena con patas de madera\" src=\"https:\/\/www.kibuc.com\/blog\/wp-content\/uploads\/2014\/10\/W_Siena_01_MG-512x256.jpg\" width=\"512\" height=\"256\" \/><\/p>\n<p style=\"text-align: center;\"><img decoding=\"async\" class=\"aligncenter size-medium wp-image-4514\" title=\"Decoraci\u00f3n n\u00f3rdica. Butaca Ancona con patas de madera\" alt=\"Decoraci\u00f3n n\u00f3rdica. Butaca Ancona con patas de madera\" src=\"https:\/\/www.kibuc.com\/blog\/wp-content\/uploads\/2014\/10\/W_Ancora_01_MG-512x435.jpg\" width=\"512\" height=\"435\" \/><\/p>\n<p>Otro elemento muy importante en la<strong> decoraci\u00f3n n\u00f3rdica<\/strong> son los muebles y sus acabados. En los muebles debe predominar <strong>el blanco\u00a0y los tonos en madera clara natural<\/strong>. No es casual que una de las palabras claves de este tipo de decoraci\u00f3n sea\u00a0<strong>naturalidad<\/strong>. Para la sala, te proponemos <a href=\"https:\/\/www.kibuc.com\/es-ES\/Productos\/Ver\/W_SOMBRA_03\" target=\"_blank\" rel=\"noopener\">este mueble de la colecci\u00f3n Sombra<\/a> como una alternativa muy acertada para este estilo.<\/p>\n<p style=\"text-align: center;\"><img decoding=\"async\" class=\"aligncenter size-medium wp-image-4468\" title=\"Decoraci\u00f3n n\u00f3rdica. Mueble de comedor de la colecci\u00f3n Sombra\" alt=\"Decoraci\u00f3n n\u00f3rdica. Mueble de comedor de la colecci\u00f3n Sombra\" src=\"https:\/\/www.kibuc.com\/blog\/wp-content\/uploads\/2014\/10\/W_Sombra_03_MG-512x307.jpg\" width=\"512\" height=\"307\" \/><\/p>\n<p style=\"text-align: center;\"><img decoding=\"async\" class=\"aligncenter size-full wp-image-4515\" title=\"Decoraci\u00f3n n\u00f3rdica. Sof\u00e1 Siena con chaise longue y con patas de madera\" alt=\"Decoraci\u00f3n n\u00f3rdica. Sof\u00e1 Siena con chaise longue y con patas de madera\" src=\"https:\/\/www.kibuc.com\/blog\/wp-content\/uploads\/2014\/10\/W_Siena_02_D1_G1.jpg\" width=\"488\" height=\"293\" \/><\/p>\n<p style=\"text-align: left;\">En al <strong>decoraci\u00f3n n\u00f3rdica<\/strong>\u00a0tambi\u00e9n tienen especial relevancia los\u00a0<strong>textiles<\/strong>: lino, algod\u00f3n o incluso pieles son los tejidos protagonistas. \u00a0<strong>Un puff con ganchillo XXL<\/strong>\u00a0es un complemento ideal. Las figuras geom\u00e9tricas o las rayas tienen un papel destacado en los textiles y tejidos.<\/p>\n<p style=\"text-align: center;\"><img decoding=\"async\" class=\"aligncenter size-full wp-image-4516\" title=\"Decoraci\u00f3n n\u00f3rdica. Sof\u00e1 Siena con chaise longue y con patas de madera\" alt=\"Decoraci\u00f3n n\u00f3rdica. Sof\u00e1 Siena con chaise longue y con patas de madera\" src=\"https:\/\/www.kibuc.com\/blog\/wp-content\/uploads\/2014\/10\/W_Siena_02_D2_G1.jpg\" width=\"488\" height=\"459\" \/><\/p>\n<p style=\"text-align: center;\"><img decoding=\"async\" class=\"aligncenter size-medium wp-image-4517\" alt=\"\" src=\"https:\/\/www.kibuc.com\/blog\/wp-content\/uploads\/2014\/10\/W_Siena_02_MG-512x204.jpg\" width=\"512\" height=\"204\" \/><\/p>\n<p>\u00bfQu\u00e9 te han parecido las propuestas del <a href=\"https:\/\/www.kibuc.com\/es-ES\/Catalogos\/ver.\" target=\"_blank\" rel=\"noopener\">Nuevo Cat\u00e1logo de Kibuc<\/a>\u00a0en decoraci\u00f3n n\u00f3rdica? Nos encantar\u00eda que nos dejaras tu opini\u00f3n.<\/p>\n","protected":false},"excerpt":{"rendered":"<p>La decoraci\u00f3n n\u00f3rdica cada vez \u00a0tiene m\u00e1s fans en nuestro pa\u00eds porque con pocos elementos podemos crear espacios muy atractivos. Este a\u00f1o, en el nuevo Cat\u00e1logo Kibuc 2015, le hemos querido dar un peque\u00f1o espacio a este estilo con algunas propuestas de muebles y ambientes luminosos, frescos y relajantes. Si te gusta la decoraci\u00f3n n\u00f3rdica, [&hellip;]<\/p>\n","protected":false},"author":3,"featured_media":13293,"comment_status":"closed","ping_status":"closed","sticky":false,"template":"","format":"gallery","meta":{"_acf_changed":false,"footnotes":""},"categories":[37],"tags":[908,1006],"class_list":["post-13292","post","type-post","status-publish","format-gallery","has-post-thumbnail","hentry","category-tematicas","tag-decoracion","tag-relax","post_format-post-format-gallery"],"acf":[],"_links":{"self":[{"href":"https:\/\/www.kibuc.com\/blog\/wp-json\/wp\/v2\/posts\/13292","targetHints":{"allow":["GET"]}}],"collection":[{"href":"https:\/\/www.kibuc.com\/blog\/wp-json\/wp\/v2\/posts"}],"about":[{"href":"https:\/\/www.kibuc.com\/blog\/wp-json\/wp\/v2\/types\/post"}],"author":[{"embeddable":true,"href":"https:\/\/www.kibuc.com\/blog\/wp-json\/wp\/v2\/users\/3"}],"replies":[{"embeddable":true,"href":"https:\/\/www.kibuc.com\/blog\/wp-json\/wp\/v2\/comments?post=13292"}],"version-history":[{"count":1,"href":"https:\/\/www.kibuc.com\/blog\/wp-json\/wp\/v2\/posts\/13292\/revisions"}],"predecessor-version":[{"id":21201,"href":"https:\/\/www.kibuc.com\/blog\/wp-json\/wp\/v2\/posts\/13292\/revisions\/21201"}],"wp:featuredmedia":[{"embeddable":true,"href":"https:\/\/www.kibuc.com\/blog\/wp-json\/wp\/v2\/media\/13293"}],"wp:attachment":[{"href":"https:\/\/www.kibuc.com\/blog\/wp-json\/wp\/v2\/media?parent=13292"}],"wp:term":[{"taxonomy":"category","embeddable":true,"href":"https:\/\/www.kibuc.com\/blog\/wp-json\/wp\/v2\/categories?post=13292"},{"taxonomy":"post_tag","embeddable":true,"href":"https:\/\/www.kibuc.com\/blog\/wp-json\/wp\/v2\/tags?post=13292"}],"curies":[{"name":"wp","href":"https:\/\/api.w.org\/{rel}","templated":true}]}}