{"id":13160,"date":"2014-08-06T16:18:38","date_gmt":"2014-08-06T16:18:38","guid":{"rendered":"https:\/\/kibuc.com\/blog\/?p=4253"},"modified":"2024-07-24T01:59:33","modified_gmt":"2024-07-23T23:59:33","slug":"decorar-con-ramas-trendy-ideas-de-decoracion","status":"publish","type":"post","link":"https:\/\/www.kibuc.com\/blog\/decorar-con-ramas-trendy-ideas-de-decoracion\/","title":{"rendered":"Decorar con ramas. Trendy ideas de decoraci\u00f3n para el oto\u00f1o"},"content":{"rendered":"<p><strong>\u00bfSab\u00edas que decorar con ramas se ha convertido en una de las ideas m\u00e1s trendy en decoraci\u00f3n?<\/strong> ramas en los jarrones, en las paredes, como percheros, como porta retratos, ramas para fabricar m\u00f3viles para beb\u00e9s y mayores&#8230;.En tu pr\u00f3ximo paseo por el campo, no olvides recoger ramas, muchas ramas porque hoy, desde <a href=\"https:\/\/www.kibuc.com\/es-ES\" target=\"_blank\" rel=\"noopener\">kibuc<\/a>, compartimos contigo algunas ideas para decorar con ramas. \u00bfNos inspiramos?<\/p>\n<h2>Decorar con ramas. Detalles de decoraci\u00f3n muy eco<\/h2>\n<p><strong><span style=\"color: #ff6600;\">RAMAS SECAS PARA EXPONER FOTOS<\/span><\/strong>. Nos ha encantado este <strong>expositor con las mejores fotos del verano<\/strong> que hemos encontrado en el blog de handmade de <a href=\"https:\/\/www.handmadecharlotte.com\" target=\"_blank\" rel=\"noopener\">Charlotte<\/a>. Es delicado, sobrio, original, precioso&#8230;ideal para darle <strong>un toque creativo y muy natural a la pared de tu sala o del dormitorio<\/strong>. Si tienes fotos del verano, impr\u00edmelas y atr\u00e9vete a fabricar tu expositor. Tambi\u00e9n puedes combinar im\u00e1genes con textos.<\/p>\n<p style=\"text-align: center;\"><img decoding=\"async\" class=\"aligncenter size-medium wp-image-4254\" title=\"Decorar con ramas secas. Un expositor con las mejores fotos del verano.\" src=\"https:\/\/www.kibuc.com\/blog\/wp-content\/uploads\/2014\/08\/3-diy-summer-wall-hangings-512x768.jpg\" alt=\"Decorar con ramas secas. Un expositor con las mejores fotos del verano.\" width=\"512\" height=\"768\" \/><\/p>\n<p><strong><span style=\"color: #ff6600;\">RAMAS EN JARRONES.<\/span><\/strong>\u00a0Olv\u00eddate de los tulipanes, las rosas o los gladiolos y apuesta por algo mucho m\u00e1s original para rellenar tu jarr\u00f3n favorito. Nos encanta esta idea para <strong>decorar un jarr\u00f3n con ramas de almendros<\/strong>. Es todo delicadeza, suavidad y dulzura.<\/p>\n<p style=\"text-align: center;\"><img decoding=\"async\" class=\"aligncenter size-full wp-image-4255\" title=\"Decorar con ramas. Ramas de almendro para decorar un jarr\u00f3n\" src=\"https:\/\/www.kibuc.com\/blog\/wp-content\/uploads\/2014\/08\/florero-almendro-mysparkleworld-2.jpg\" alt=\"Decorar con ramas. Ramas de almendro para decorar un jarr\u00f3n\" width=\"510\" height=\"765\" \/><\/p>\n<p><span style=\"color: #ff6600;\"><strong>UN PORTAVELAS CON RAMAS SECAS.\u00a0<\/strong><span style=\"color: #000000;\">Nos ha encantado esta idea que propone stylizimoblog. Se trata de fabricar <strong>un portavelas con un bote o jarr\u00f3n alto de cristal y ramas secas.<\/strong> Es muy f\u00e1cil de hacer y el resultado es espectacular. Muy, muy c\u00e1lido, ideal para \u00e9pocas como la Navidad o el invierno aunque tambi\u00e9n lo podemos adaptar a nuestras terrazas de verano.<\/span><strong><span style=\"color: #000000;\"><br \/>\n<\/span><\/strong><\/span><\/p>\n<p><img decoding=\"async\" class=\"aligncenter size-full wp-image-4256\" src=\"https:\/\/www.kibuc.com\/blog\/wp-content\/uploads\/2014\/08\/candelero-ramas.jpg\" alt=\"\" width=\"510\" height=\"680\" \/><\/p>\n<p><img decoding=\"async\" class=\"aligncenter size-full wp-image-4257\" src=\"https:\/\/www.kibuc.com\/blog\/wp-content\/uploads\/2014\/08\/candelero-con-ramas.jpg\" alt=\"\" width=\"510\" height=\"657\" \/><\/p>\n<p><strong><span style=\"color: #ff6600;\">RAMAS EN LA HABITACI\u00d3N DE LOS NI\u00d1OS.\u00a0<\/span><\/strong><span style=\"color: #ff6600;\"><span style=\"color: #000000;\">C\u00f3mo <strong>m\u00f3vil, perchero o como una peque\u00f1a estanter\u00eda para juguetes<\/strong>. Las ramas quedan genial en las habitaciones de los m\u00e1s peque\u00f1os y, adem\u00e1s, \u00a0en este espacio de la casa <strong>le puedes dar un toque muy imaginativo<\/strong>. Nos encanta el m\u00f3vil e cuna que nos propone Eva de Happy Project Desing.<br \/>\n<\/span><\/span><\/p>\n<p><img decoding=\"async\" class=\"aligncenter size-medium wp-image-6129\" src=\"https:\/\/www.kibuc.com\/blog\/wp-content\/uploads\/2015\/05\/mo_vil_artesanal-512x716.jpg\" alt=\"\" width=\"512\" height=\"716\" \/><\/p>\n<p><img decoding=\"async\" class=\"aligncenter size-medium wp-image-6131\" src=\"https:\/\/www.kibuc.com\/blog\/wp-content\/uploads\/2015\/05\/mo_vil_artesanal2-512x716.jpg\" alt=\"\" width=\"512\" height=\"716\" \/><\/p>\n<p>Y con unas ramitas de canela, puedes hacer unas velas perfumadas. Ideales para rom\u00e1nticas noches de oto\u00f1o.<\/p>\n<p><img decoding=\"async\" class=\"aligncenter size-medium wp-image-6487\" src=\"https:\/\/www.kibuc.com\/blog\/wp-content\/uploads\/2015\/07\/copiadiyvela5-512x334.jpg\" alt=\"\" width=\"512\" height=\"334\" \/><\/p>\n<p style=\"text-align: left;\">\u00bfQu\u00e9 te han parecido estas ideas para decorar con ramas tu casa? Si te han gustado, comp\u00e1rtelas con tus amigos a trav\u00e9s de las redes sociales.<\/p>\n","protected":false},"excerpt":{"rendered":"<p>\u00bfSab\u00edas que decorar con ramas se ha convertido en una de las ideas m\u00e1s trendy en decoraci\u00f3n? ramas en los jarrones, en las paredes, como percheros, como porta retratos, ramas para fabricar m\u00f3viles para beb\u00e9s y mayores&#8230;.En tu pr\u00f3ximo paseo por el campo, no olvides recoger ramas, muchas ramas porque hoy, desde kibuc, compartimos contigo [&hellip;]<\/p>\n","protected":false},"author":3,"featured_media":13161,"comment_status":"closed","ping_status":"closed","sticky":false,"template":"","format":"gallery","meta":{"_acf_changed":false,"footnotes":""},"categories":[37],"tags":[908,911,930],"class_list":["post-13160","post","type-post","status-publish","format-gallery","has-post-thumbnail","hentry","category-tematicas","tag-decoracion","tag-diy-manualidades","tag-tendencias","post_format-post-format-gallery"],"acf":[],"_links":{"self":[{"href":"https:\/\/www.kibuc.com\/blog\/wp-json\/wp\/v2\/posts\/13160","targetHints":{"allow":["GET"]}}],"collection":[{"href":"https:\/\/www.kibuc.com\/blog\/wp-json\/wp\/v2\/posts"}],"about":[{"href":"https:\/\/www.kibuc.com\/blog\/wp-json\/wp\/v2\/types\/post"}],"author":[{"embeddable":true,"href":"https:\/\/www.kibuc.com\/blog\/wp-json\/wp\/v2\/users\/3"}],"replies":[{"embeddable":true,"href":"https:\/\/www.kibuc.com\/blog\/wp-json\/wp\/v2\/comments?post=13160"}],"version-history":[{"count":2,"href":"https:\/\/www.kibuc.com\/blog\/wp-json\/wp\/v2\/posts\/13160\/revisions"}],"predecessor-version":[{"id":21563,"href":"https:\/\/www.kibuc.com\/blog\/wp-json\/wp\/v2\/posts\/13160\/revisions\/21563"}],"wp:featuredmedia":[{"embeddable":true,"href":"https:\/\/www.kibuc.com\/blog\/wp-json\/wp\/v2\/media\/13161"}],"wp:attachment":[{"href":"https:\/\/www.kibuc.com\/blog\/wp-json\/wp\/v2\/media?parent=13160"}],"wp:term":[{"taxonomy":"category","embeddable":true,"href":"https:\/\/www.kibuc.com\/blog\/wp-json\/wp\/v2\/categories?post=13160"},{"taxonomy":"post_tag","embeddable":true,"href":"https:\/\/www.kibuc.com\/blog\/wp-json\/wp\/v2\/tags?post=13160"}],"curies":[{"name":"wp","href":"https:\/\/api.w.org\/{rel}","templated":true}]}}