{"id":12844,"date":"2014-05-23T12:43:15","date_gmt":"2014-05-23T12:43:15","guid":{"rendered":"https:\/\/kibuc.com\/blog\/?p=3640"},"modified":"2022-09-29T06:16:30","modified_gmt":"2022-09-29T06:16:30","slug":"como-distribuir-el-comedor-descubre-nuestras-ideas","status":"publish","type":"post","link":"https:\/\/www.kibuc.com\/blog\/como-distribuir-el-comedor-descubre-nuestras-ideas\/","title":{"rendered":"C\u00f3mo distribuir el comedor para crear un espacio c\u00f3modo y bonito"},"content":{"rendered":"<p>\u00bf<strong>C\u00f3mo distribuir el comedor<\/strong> para que sea un espacio que a\u00fane <strong>comodidad y practicidad<\/strong>? \u00bfC\u00f3mo diferenciar el sal\u00f3n y el comedor? \u00bfqu\u00e9 medidas debes tener en cuenta a la hora de organizar la zona de estar y el comedor? Si te est\u00e1s planteando <strong>hacer cambios en tu sala-comedor<\/strong> o quieres volver a decorarlo, en <a href=\"https:\/\/www.kibuc.com\/es-ES\" target=\"_blank\" rel=\"noopener\">Kibuc<\/a>\u00a0\u00a0despejamos algunas dudas.<\/p>\n<h2>C\u00f3mo distribuir el comedor para que sea pr\u00e1ctico, c\u00f3modo y bonito<\/h2>\n<p><span style=\"color: #ff6600;\"><strong>LA ZONA DE ESTAR M\u00c1S C\u00d3MODA.\u00a0<\/strong><span style=\"color: #000000;\">Una de las claves a la hora de organizar tu zona de estar es colocarla cerca de un punto de luz ya que la har\u00e1 m\u00e1s agradable, c\u00e1lida y confortable. Sin duda <strong>el mueble que marca esta zona es el sof\u00e1<\/strong>. Debes colocar los asientos de manera que inviten a la <strong>conversaci\u00f3n<\/strong>, es la <strong>zona de la casa para compartir<\/strong>. Tienes diferentes opciones para <strong>colocar el sof\u00e1<\/strong>. Si tu comedor es cuadrado y grande puedes colocar los <strong>sof\u00e1 enfrentados o en forma de \u00abU\u00bb<\/strong>. Si tu sal\u00f3n es <strong>rectangular<\/strong>, la mejor distribuci\u00f3n es <strong>en forma de \u00abL\u00bb<\/strong>. Esta \u00abL\u00bb la puedes organizar con un sof\u00e1 y dos butacas, con pufs o con una chaise longue.<\/span><\/span><\/p>\n<p style=\"text-align: center;\"><img decoding=\"async\" class=\"aligncenter size-medium wp-image-3641\" title=\"\u00bfC\u00f3mo distribuir el comedor? Comedor Athos con dos butacas Tran y un sof\u00e1 en forma de L.\" alt=\"\u00bfC\u00f3mo distribuir el comedor? Comedor Athos con dos butacas Tran y un sof\u00e1 en forma de L.\" src=\"https:\/\/www.kibuc.com\/blog\/wp-content\/uploads\/2014\/05\/W_Athos_10_MG-512x321.jpg\" width=\"512\" height=\"321\" \/><\/p>\n<p style=\"text-align: center;\"><img decoding=\"async\" class=\"aligncenter size-medium wp-image-3642\" title=\"\u00bfC\u00f3mo distribuir el comedor? Comedor Athos con dos sof\u00e1s en forma de L.\" alt=\"\u00bfC\u00f3mo distribuir el comedor? Comedor Athos con dos sof\u00e1s en forma de L.\" src=\"https:\/\/www.kibuc.com\/blog\/wp-content\/uploads\/2014\/05\/W_Athos_09_MG-512x315.jpg\" width=\"512\" height=\"315\" \/><\/p>\n<p style=\"text-align: center;\"><img decoding=\"async\" class=\"aligncenter size-full wp-image-3643\" title=\"Dos m\u00f3dulos de sof\u00e1 colocados en forma de &quot;L&quot; en un comedor de la colecci\u00f3n Sombra.\" alt=\"Dos m\u00f3dulos de sof\u00e1 colocados en forma de &quot;L&quot; en un comedor de la colecci\u00f3n Sombra.\" src=\"https:\/\/www.kibuc.com\/blog\/wp-content\/uploads\/2014\/05\/02.jpg\" width=\"487\" height=\"369\" \/><\/p>\n<p style=\"text-align: left;\"><strong><span style=\"color: #ff6600;\">LAS MEDIDAS EN LA ZONA DE ESTAR.<\/span><\/strong><span style=\"color: #ff6600;\"><span style=\"color: #000000;\"> A la hora de distribuir la zona de estar tienes que tener en cuenta algunas cifras para que <strong>sea c\u00f3modo transitar y visualmente quede arm\u00f3nica<\/strong>. La <strong>mesa de centro<\/strong> tiene que tener, aproximadamente, <strong>un metro menos de largo que el sof\u00e1<\/strong>. Las medidas para un sof\u00e1 de <strong>3 plazas son de 220cm, en el caso de un dos plazas 170cm<\/strong>. Si decides colocar el sof\u00e1 <strong>frente a una ventana<\/strong> guarda una distancia de <strong>80 cm entre \u00e9sta y el sof\u00e1<\/strong> para que te resulte m\u00e1s c\u00f3modo abrirla y cerrarla. <strong>La distancia aconsejable entre la mesa de centro y el sof\u00e1 es de 40 cm<\/strong>. Tema aparte es <a href=\"https:\/\/www.kibuc.com\/blog\/que-distancia-debe-colocarse-la-tv-en-el-salon\/\" target=\"_blank\" rel=\"noopener\">la distancia que debe tener el sof\u00e1 de la TV<\/a> que ya lo tratamos en este blog con anterioridad. Esperamos que no te hayamos mareado con tanto n\u00famero.<\/span><\/span><\/p>\n<p style=\"text-align: center;\"><img decoding=\"async\" class=\"aligncenter size-medium wp-image-3647\" title=\"C\u00f3mo distribuir el comedor. La distancia entre la mesa de centro y el sof\u00e1 debe ser de 40 cm. Sof\u00e1 Enzo de kibuc.\" alt=\"C\u00f3mo distribuir el comedor. La distancia entre la mesa de centro y el sof\u00e1 debe ser de 40 cm. Sof\u00e1 Enzo de kibuc.\" src=\"https:\/\/www.kibuc.com\/blog\/wp-content\/uploads\/2014\/05\/16-512x307.jpg\" width=\"512\" height=\"307\" \/><\/p>\n<p style=\"text-align: center;\"><img decoding=\"async\" class=\"aligncenter size-medium wp-image-3454\" title=\"A la hora de distribuir el comedor debes tener en cuenta la distancia entre la ventana y el sof\u00e1. Sof\u00e1 Tuit de Kibuc.\" alt=\"A la hora de distribuir el comedor debes tener en cuenta la distancia entre la ventana\" src=\"https:\/\/www.kibuc.com\/blog\/wp-content\/uploads\/2012\/05\/W_TUI01-A-MG-512x310.jpg\" width=\"512\" height=\"310\" \/><\/p>\n<p style=\"text-align: left;\"><strong><span style=\"color: #ff6600;\">DIFERENCIAR LA ZONA DE ESTAR Y EL COMEDOR.\u00a0<\/span><\/strong><span style=\"color: #ff6600;\"><span style=\"color: #000000;\">A la hora de diferenciar estas zonas tienes varias alternativas, la misma distribuci\u00f3n de los muebles te va ayudar. Puedes utilizar <strong>un color de pared diferente<\/strong> para una de las\u00a0<\/span><\/span><span style=\"color: #ff6600;\"><span style=\"color: #000000;\">zonas o <strong>muebles con distintos acabados<\/strong>. Las <strong>alfombras<\/strong> tambi\u00e9n te pueden ayudar a marcar la zona de estar de la zona de comer.<\/span><\/span><\/p>\n<p style=\"text-align: center;\"><img decoding=\"async\" class=\"aligncenter size-medium wp-image-3648\" title=\"Para distribuir correctamente el comedor debes diferenciar la zona de comedor de la de estar. Mueble Eko-s\" alt=\"Para distribuir correctamente el comedor debes diferenciar la zona de comedor de la de estar. Mueble Eko-s\" src=\"https:\/\/www.kibuc.com\/blog\/wp-content\/uploads\/2014\/05\/W_Ekos_18_MG-512x315.jpg\" width=\"512\" height=\"315\" \/><\/p>\n<p style=\"text-align: center;\"><img decoding=\"async\" class=\"aligncenter size-medium wp-image-3649\" title=\"En pocos metros diferenciamos la zona de comer de la de estar. Mueble Eko-s\" alt=\"En pocos metros diferenciamos la zona de comer de la de estar. Mueble Eko-s\" src=\"https:\/\/www.kibuc.com\/blog\/wp-content\/uploads\/2014\/05\/W_Ekos_02_MG-512x305.jpg\" width=\"512\" height=\"305\" \/><\/p>\n<p style=\"text-align: left;\"><span style=\"color: #ff6600;\"><strong><a href=\"https:\/\/www.kibuc.com\/es-ES\/Productos\/Listar\/Mesa%20de%20comedor\" target=\"_blank\" rel=\"noopener\">LA MESA<\/a>.\u00a0<\/strong><span style=\"color: #000000;\">La elecci\u00f3n de la mesa va a depender en gran medida del uso que le des. <strong>Si el uso es diario y tu comedor peque\u00f1o<\/strong>, puedes optar por una <strong>mesa extensible<\/strong> e incluso<strong> una consola<\/strong> que podr\u00e1s guardar despu\u00e9s de comer, el esp\u00edritu pr\u00e1ctico se impone. Hay que respetar la zona de paso para que el comedor sea <strong>arm\u00f3nico y c\u00f3modo<\/strong>. Para conseguirlo, <strong>la forma de la mesa tiene que imitar la forma de espacio que ocupa<\/strong>. Si el espacio es cuadrado, la mesa deber\u00e1 ser cuadrada o redonda y, si es alargado, la mesa deber\u00e1 ser rectangular.<\/span><\/span><\/p>\n<p style=\"text-align: left;\"><img decoding=\"async\" class=\"aligncenter size-medium wp-image-3650\" alt=\"\" src=\"https:\/\/www.kibuc.com\/blog\/wp-content\/uploads\/2014\/05\/W_Ekos_05_MG-512x567.jpg\" width=\"512\" height=\"567\" \/><\/p>\n<p style=\"text-align: center;\"><img decoding=\"async\" class=\"aligncenter size-medium wp-image-3651\" title=\"En la distribuci\u00f3n del comedor, la forma de la mesa debe imitar el espacio que ocupa. Mesa Kreta de Kibuc.\" alt=\"En la distribuci\u00f3n del comedor, la forma de la mesa debe imitar el espacio que ocupa. Mesa Kreta de Kibuc\" src=\"https:\/\/www.kibuc.com\/blog\/wp-content\/uploads\/2014\/05\/W_KRE05-A-MG-512x310.jpg\" width=\"512\" height=\"310\" \/><\/p>\n<p style=\"text-align: center;\"><img decoding=\"async\" class=\"aligncenter size-full wp-image-3652\" title=\"Si tu comedor es peque\u00f1o, puedes optar por una mesa extensible. Mesa Kreta de Kibuc.\" alt=\"Si tu comedor es peque\u00f1o, puedes optar por una mesa extensible. Mesa Kreta de Kibuc.\" src=\"https:\/\/www.kibuc.com\/blog\/wp-content\/uploads\/2014\/05\/W_KREx05-A-G.jpg\" width=\"488\" height=\"352\" \/><\/p>\n<p>\u00bfQu\u00e9 te han parecido estas ideas para distribuir el comedor? \u00bfCompartes con nosotros tus sugerencias? Si te ha gustado este art\u00edculo y te apetece leer m\u00e1s, subscr\u00edbete al <a href=\"https:\/\/www.kibuc.com\/blog\" target=\"_blank\" rel=\"noopener\">blog de Kibuc.<\/a><\/p>\n<p>&nbsp;<\/p>\n","protected":false},"excerpt":{"rendered":"<p>\u00bfC\u00f3mo distribuir el comedor para que sea un espacio que a\u00fane comodidad y practicidad? \u00bfC\u00f3mo diferenciar el sal\u00f3n y el comedor? \u00bfqu\u00e9 medidas debes tener en cuenta a la hora de organizar la zona de estar y el comedor? Si te est\u00e1s planteando hacer cambios en tu sala-comedor o quieres volver a decorarlo, en Kibuc\u00a0\u00a0despejamos [&hellip;]<\/p>\n","protected":false},"author":3,"featured_media":12845,"comment_status":"closed","ping_status":"closed","sticky":false,"template":"","format":"gallery","meta":{"_acf_changed":false,"footnotes":""},"categories":[35],"tags":[910,926],"class_list":["post-12844","post","type-post","status-publish","format-gallery","has-post-thumbnail","hentry","category-estancias","tag-diseno","tag-salones","post_format-post-format-gallery"],"acf":[],"_links":{"self":[{"href":"https:\/\/www.kibuc.com\/blog\/wp-json\/wp\/v2\/posts\/12844","targetHints":{"allow":["GET"]}}],"collection":[{"href":"https:\/\/www.kibuc.com\/blog\/wp-json\/wp\/v2\/posts"}],"about":[{"href":"https:\/\/www.kibuc.com\/blog\/wp-json\/wp\/v2\/types\/post"}],"author":[{"embeddable":true,"href":"https:\/\/www.kibuc.com\/blog\/wp-json\/wp\/v2\/users\/3"}],"replies":[{"embeddable":true,"href":"https:\/\/www.kibuc.com\/blog\/wp-json\/wp\/v2\/comments?post=12844"}],"version-history":[{"count":1,"href":"https:\/\/www.kibuc.com\/blog\/wp-json\/wp\/v2\/posts\/12844\/revisions"}],"predecessor-version":[{"id":21158,"href":"https:\/\/www.kibuc.com\/blog\/wp-json\/wp\/v2\/posts\/12844\/revisions\/21158"}],"wp:featuredmedia":[{"embeddable":true,"href":"https:\/\/www.kibuc.com\/blog\/wp-json\/wp\/v2\/media\/12845"}],"wp:attachment":[{"href":"https:\/\/www.kibuc.com\/blog\/wp-json\/wp\/v2\/media?parent=12844"}],"wp:term":[{"taxonomy":"category","embeddable":true,"href":"https:\/\/www.kibuc.com\/blog\/wp-json\/wp\/v2\/categories?post=12844"},{"taxonomy":"post_tag","embeddable":true,"href":"https:\/\/www.kibuc.com\/blog\/wp-json\/wp\/v2\/tags?post=12844"}],"curies":[{"name":"wp","href":"https:\/\/api.w.org\/{rel}","templated":true}]}}