{"id":12525,"date":"2014-03-04T09:50:56","date_gmt":"2014-03-04T09:50:56","guid":{"rendered":"https:\/\/kibuc.com\/blog\/?p=3014"},"modified":"2022-09-29T06:16:40","modified_gmt":"2022-09-29T06:16:40","slug":"el-orden-en-el-salon-y-el-comedor","status":"publish","type":"post","link":"https:\/\/www.kibuc.com\/blog\/el-orden-en-el-salon-y-el-comedor\/","title":{"rendered":"El orden en el sal\u00f3n y el comedor. \u00bfNos ponemos manos a la obra?"},"content":{"rendered":"<p><strong>El orden en el sal\u00f3n y el comedor<\/strong>, que en la mayor\u00eda de viviendas est\u00e1n unidos en la misma estancia, <strong>es fundamental<\/strong> ya que son <strong>las dos principales \u00e1reas comunes de la casa<\/strong> y en la familia hace mucha vida en com\u00fan. Hoy, desde <a href=\"https:\/\/www.kibuc.com\/es-ES\" target=\"_blank\" rel=\"noopener\">kibuc<\/a>, vamos a compartir contigo algunos consejos para mantener el orden en este espacio tan importante de la casa en relaci\u00f3n a <strong>c\u00f3mo debes disponer los muebles para generar una sensaci\u00f3n de orden.<\/strong><\/p>\n<h2>El orden en el <a href=\"https:\/\/www.kibuc.com\/es-ES\/Productos\/Listar\/Comedor\" target=\"_blank\" rel=\"noopener\">sal\u00f3n y el comedor<\/a>. Algunas ideas claves<\/h2>\n<p>Ya que el sal\u00f3n es el espacio para ver la TV y el comedor para comer, <strong>las dos \u00e1reas deben estar delimitadas visualmente<\/strong>. Esto potenciar\u00e1 la sensaci\u00f3n de <strong>orden<\/strong>. <strong>Para conseguirlo, puedes colocar dos alfombras y que cada una defina el per\u00edmetro de su zona<\/strong>. Tambi\u00e9n puedes colocar una alfombra marcando la zona del sof\u00e1 y dejar la zona de la mesa m\u00e1s despejada, como en estas fotos.<\/p>\n<p><img decoding=\"async\" class=\"aligncenter size-medium wp-image-3025\" title=\"El orden en el sal\u00f3n y el comedor. Comedor Athos\" src=\"https:\/\/www.kibuc.com\/blog\/wp-content\/uploads\/2014\/03\/W_Athos_21_MG-512x324.jpg\" alt=\"El orden en el sal\u00f3n y el comedor\" width=\"512\" height=\"324\" \/><\/p>\n<p><img decoding=\"async\" class=\"aligncenter size-medium wp-image-3016\" title=\"El orden en el sal\u00f3n y el comedor. Comedor de la colecci\u00f3n Eko-s\" src=\"https:\/\/www.kibuc.com\/blog\/wp-content\/uploads\/2014\/03\/W_Ekos_03_MG-512x336.jpg\" alt=\"El orden en el sal\u00f3n y el comedor\" width=\"512\" height=\"336\" \/><\/p>\n<p><img decoding=\"async\" class=\"aligncenter size-medium wp-image-3017\" title=\"El orden en el comedor y el sal\u00f3n. Comedor Eko-s\" src=\"https:\/\/www.kibuc.com\/blog\/wp-content\/uploads\/2014\/03\/W_Ekos_18_MG-512x315.jpg\" alt=\"El orden en el comedor y el sal\u00f3n\" width=\"512\" height=\"315\" \/><\/p>\n<p>Para generar una sensaci\u00f3n de <strong>orden<\/strong> y separar todav\u00eda m\u00e1s la zona de estar de la de comer, lo ideal es que <strong>dispongas los sof\u00e1s, las butacas o los pufs en forma de \u00abU\u00bb<\/strong> de manera que <strong>converjan en un punto central que, por lo general, ser\u00e1 la mesa de centro<\/strong>. Recuerda que <strong>entre la mesa y el sof\u00e1 o butacas debe haber por lo menos 40 cm<\/strong> para que nos sintamos c\u00f3modos, podamos estirar las piernas, etc. Otra forma de distribuir los sof\u00e1s tambi\u00e9n es <strong>en forma de \u00abL\u00bb<\/strong>. Si tienes un sof\u00e1 con chaise longue, ya tendr\u00e1s las \u00abL\u00bb marcada.<\/p>\n<p><img decoding=\"async\" class=\"aligncenter size-medium wp-image-3018\" title=\"El orden en el sal\u00f3n y el comedor. Comedor de la colecci\u00f3n Athos\" src=\"https:\/\/www.kibuc.com\/blog\/wp-content\/uploads\/2014\/03\/W_Athos_10_MG-512x321.jpg\" alt=\"El orden en el sal\u00f3n y el comedor\" width=\"512\" height=\"321\" \/><\/p>\n<p><img decoding=\"async\" class=\"aligncenter size-medium wp-image-3020\" title=\"El orden el el sal\u00f3n y el comedor. Comedor Eko-s\" src=\"https:\/\/www.kibuc.com\/blog\/wp-content\/uploads\/2014\/03\/W_Ekos_26_MG-512x268.jpg\" alt=\"El orden en el sal\u00f3n y el comedor\" width=\"512\" height=\"268\" \/><\/p>\n<p><strong>Otro factor importante para mantener el orden en el sal\u00f3n y comedor es el que se refiere a los complementos<\/strong>: cojines, plaids y objetos decorativos que colocamos sobre la mesa de centro o la mesa principal. Si buscamos una armon\u00eda en estos objetos, a trav\u00e9s del color o las formas, esto nos ayudar\u00e1 a potenciar la sensaci\u00f3n de orden. <strong>Una buena idea tambi\u00e9n es marcar las simetr\u00edas, por ejemplo colocando sobre una mesa dos jarrones o elementos decorativos similares.<\/strong><\/p>\n<p><img decoding=\"async\" class=\"aligncenter size-medium wp-image-3019\" title=\"El orden en el sal\u00f3n y el comedor. Mesa de comedor Aiko\" src=\"https:\/\/www.kibuc.com\/blog\/wp-content\/uploads\/2014\/03\/106-Mesa_Aiko_02_G-512x310.jpg\" alt=\"El orden en el sal\u00f3n y el comedor\" width=\"512\" height=\"310\" \/><\/p>\n<p><strong>Un elemento clave para mantener el orden en nuestro comedor ser\u00e1 contar con muebles de almacenaje tipo <a href=\"https:\/\/www.kibuc.com\/blog\/aparadores-y-bufets-descubriendo-algunas-novedades-del-nuevo-catalogo-de-kibuc\/\" target=\"_blank\" rel=\"noopener\">bufets<\/a> y <a href=\"https:\/\/www.kibuc.com\/blog\/vitrinas-en-tu-comedor-una-idea-de-decoracion-con-mucha-personalidad\/\" target=\"_blank\" rel=\"noopener\">vitrinas<\/a><\/strong> que nos servir\u00e1n para guardar la manteler\u00eda, la vajilla y todo tipo de menaje. Adem\u00e1s, si hacemos comidas o cenas en el comedor nos permitir\u00e1n tenerlo todo m\u00e1s a mano.<\/p>\n<p><img decoding=\"async\" class=\"aligncenter size-medium wp-image-3021\" title=\"El orden en el sal\u00f3n y el comedor. Bufet Athos\" src=\"https:\/\/www.kibuc.com\/blog\/wp-content\/uploads\/2014\/03\/W_Athos_23_MG-512x462.jpg\" alt=\"El orden e el sal\u00f3n y el comedor\" width=\"512\" height=\"462\" \/><\/p>\n<p><img decoding=\"async\" class=\"aligncenter size-medium wp-image-3022\" title=\"El orden en el sal\u00f3n y el comedor. Comedor Aiko\" src=\"https:\/\/www.kibuc.com\/blog\/wp-content\/uploads\/2014\/03\/48-KIBUCAIR15C081211-RETOK-1-512x310.jpg\" alt=\"El orden en el sal\u00f3n y el comedor\" width=\"512\" height=\"310\" \/><\/p>\n<p>&nbsp;<\/p>\n<p><img decoding=\"async\" class=\"aligncenter size-full wp-image-3024\" title=\"El orden en el sal\u00f3n y el comedor. Vitrina de la colecci\u00f3n Eko-s\" src=\"https:\/\/www.kibuc.com\/blog\/wp-content\/uploads\/2014\/03\/W_Ekos_02_D1_G.jpg\" alt=\"El orden en el sal\u00f3n y el comedor\" width=\"405\" height=\"488\" \/><\/p>\n<p>Como ves existen muchas f\u00f3rmulas para organizar\u00a0<strong>nuestro sal\u00f3n y comedor de manera ordenada.\u00a0<\/strong>Como bien sabes, el orden es fundamental porque facilita mucho el d\u00eda a d\u00eda y m\u00e1s en estas zonas de la casa en las que se hace tanta vida en com\u00fan.<\/p>\n<p>&nbsp;<\/p>\n<p>&nbsp;<\/p>\n","protected":false},"excerpt":{"rendered":"<p>El orden en el sal\u00f3n y el comedor, que en la mayor\u00eda de viviendas est\u00e1n unidos en la misma estancia, es fundamental ya que son las dos principales \u00e1reas comunes de la casa y en la familia hace mucha vida en com\u00fan. Hoy, desde kibuc, vamos a compartir contigo algunos consejos para mantener el orden [&hellip;]<\/p>\n","protected":false},"author":3,"featured_media":12526,"comment_status":"closed","ping_status":"closed","sticky":false,"template":"","format":"gallery","meta":{"_acf_changed":false,"footnotes":""},"categories":[35],"tags":[1004,926],"class_list":["post-12525","post","type-post","status-publish","format-gallery","has-post-thumbnail","hentry","category-estancias","tag-organizacion","tag-salones","post_format-post-format-gallery"],"acf":[],"_links":{"self":[{"href":"https:\/\/www.kibuc.com\/blog\/wp-json\/wp\/v2\/posts\/12525","targetHints":{"allow":["GET"]}}],"collection":[{"href":"https:\/\/www.kibuc.com\/blog\/wp-json\/wp\/v2\/posts"}],"about":[{"href":"https:\/\/www.kibuc.com\/blog\/wp-json\/wp\/v2\/types\/post"}],"author":[{"embeddable":true,"href":"https:\/\/www.kibuc.com\/blog\/wp-json\/wp\/v2\/users\/3"}],"replies":[{"embeddable":true,"href":"https:\/\/www.kibuc.com\/blog\/wp-json\/wp\/v2\/comments?post=12525"}],"version-history":[{"count":1,"href":"https:\/\/www.kibuc.com\/blog\/wp-json\/wp\/v2\/posts\/12525\/revisions"}],"predecessor-version":[{"id":21130,"href":"https:\/\/www.kibuc.com\/blog\/wp-json\/wp\/v2\/posts\/12525\/revisions\/21130"}],"wp:featuredmedia":[{"embeddable":true,"href":"https:\/\/www.kibuc.com\/blog\/wp-json\/wp\/v2\/media\/12526"}],"wp:attachment":[{"href":"https:\/\/www.kibuc.com\/blog\/wp-json\/wp\/v2\/media?parent=12525"}],"wp:term":[{"taxonomy":"category","embeddable":true,"href":"https:\/\/www.kibuc.com\/blog\/wp-json\/wp\/v2\/categories?post=12525"},{"taxonomy":"post_tag","embeddable":true,"href":"https:\/\/www.kibuc.com\/blog\/wp-json\/wp\/v2\/tags?post=12525"}],"curies":[{"name":"wp","href":"https:\/\/api.w.org\/{rel}","templated":true}]}}