{"id":12261,"date":"2013-07-29T11:25:12","date_gmt":"2013-07-29T11:25:12","guid":{"rendered":"https:\/\/kibuc.com\/blog\/?p=2003"},"modified":"2022-09-29T06:17:16","modified_gmt":"2022-09-29T06:17:16","slug":"como-colocar-la-tv-y-el-sofa-en-el-salon-de-una-manera-practica-y-decorativa","status":"publish","type":"post","link":"https:\/\/www.kibuc.com\/blog\/como-colocar-la-tv-y-el-sofa-en-el-salon-de-una-manera-practica-y-decorativa\/","title":{"rendered":"C\u00f3mo colocar la TV y el sof\u00e1 en el sal\u00f3n-comedor"},"content":{"rendered":"<p>Colocar la TV y el sof\u00e1 en el sal\u00f3n es una de las cuestiones que m\u00e1s quebraderos de cabeza da a la hora de distribuir los diferentes elementos en este espacio. Los interioristas de <a href=\"https:\/\/www.kibuc.com\" target=\"_blank\" rel=\"noopener\">kibuc<\/a> nos han dado algunas claves para que la elecci\u00f3n que hagamos sea todo un \u00e9xito.<\/p>\n<p><strong>La primera regla de oro es que la TV siempre tiene que estar a contraluz<\/strong>\u00a0<strong>para poder ver la imagen en condiciones \u00f3ptimas<\/strong>.\u00a0Si en tu sal\u00f3n hay dos ventanas, procura poner la TV en medio de ambas y, si no, busca la sombra.<\/p>\n<p>[pe2-image src=\u00bbhttps:\/\/lh6.ggpht.com\/-JVTITRLlnOQ\/UfYvkSiiEgI\/AAAAAAAADB8\/02dyFZEWcS4\/s144-c-o\/32-0358C210211.JPG\u00bb href=\u00bbhttps:\/\/picasaweb.google.com\/111265569539585373806\/20130729#5905960261841457666&#8243; caption=\u00bb\u00bb type=\u00bbimage\u00bb alt=\u00bb\u00bb ]<\/p>\n<p class=\"clear\"><em>Evita que a la TV le d\u00e9 la luz directa de las ventanas. Mueble sal\u00f3n-comedor de la <a href=\"https:\/\/www.kibuc.com\/es-ES\/Productos\/Ver\/W_Sombra32\" target=\"_blank\" rel=\"noopener\">colecci\u00f3n Sombra.<\/a><\/em><\/p>\n<p><strong>En cuanto al sof\u00e1<\/strong>, si es de varias plazas, col\u00f3calo <strong>justo enfrente de la TV a una distancia aproximada de 1,5m<\/strong>, da muy mala impresi\u00f3n un sof\u00e1 que est\u00e1 demasiado cerca de la TV aunque tu sal\u00f3n sea peque\u00f1o.\u00a0<strong>Si tienes poco espacio<\/strong>, puedes evitar que est\u00e9 demasiado cerca\u00a0<strong>colgando\u00a0la televisi\u00f3n del techo o la pared<\/strong>. As\u00ed, todas las personas que est\u00e9n sentadas tendr\u00e1n una buena visi\u00f3n. Y si tienes un sof\u00e1 en forma de L, coloca la TV frente a los m\u00f3dulos centrales.<\/p>\n<p>[pe2-image src=\u00bbhttps:\/\/lh4.ggpht.com\/-pqq-qyBS_SE\/UfYvmH6FKaI\/AAAAAAAADCE\/ikodERZXxfE\/s144-c-o\/33-0066C260511%252520copia.jpg\u00bb href=\u00bbhttps:\/\/picasaweb.google.com\/111265569539585373806\/20130729#5905960293347174818&#8243; caption=\u00bb\u00bb type=\u00bbimage\u00bb alt=\u00bb\u00bb ]<\/p>\n<p class=\"clear\">Es recomendable que el sof\u00e1 est\u00e9 a un 1,5m de la TV. \u00a0<em>Mueble sal\u00f3n-comedor de la\u00a0<a href=\"https:\/\/www.kibuc.com\/es-ES\/Productos\/Ver\/W_Sombra33\" target=\"_blank\" rel=\"noopener\">colecci\u00f3n Sombra.<\/a><\/em><\/p>\n<p>Otra cuesti\u00f3n fundamental es el mueble que va a acompa\u00f1ar al televisor. Aunque dedicaremos un post especial a este tema, s\u00f3lo deciros que los interioristas<a href=\"https:\/\/www.kibuc.com\" target=\"_blank\" rel=\"noopener\"> Kibuc<\/a> una de las cosas que m\u00e1s valoran es <strong>que los cables no est\u00e9n a la vista<\/strong>, \u00a1afea mucho el espacio!. En ese sentido es muy positivo pensar en <strong>un mueble que tenga pasacables integrado<\/strong>. Como veis todos los detalles son importantes a la hora de lucir un comedor bonito, armonioso y pr\u00e1ctico.<\/p>\n<p>[pe2-image src=\u00bbhttps:\/\/lh6.ggpht.com\/-HOxmCVZL0OI\/UfYvsQtu3JI\/AAAAAAAADCM\/XbNhp8TPaYk\/s144-c-o\/pasacables%252520integrado.jpg\u00bb href=\u00bbhttps:\/\/picasaweb.google.com\/111265569539585373806\/20130729#5905960398790515858&#8243; caption=\u00bb\u00bb type=\u00bbimage\u00bb alt=\u00bb\u00bb ]<\/p>\n<p class=\"clear\"><em>Desde un punto decorativo es muy importante que no se vean los cables. \u00a0La colecci\u00f3n Sombra integra, en el mueble, pasacables para la TV, DVD, etc.<\/em><\/p>\n","protected":false},"excerpt":{"rendered":"<p>Colocar la TV y el sof\u00e1 en el sal\u00f3n es una de las cuestiones que m\u00e1s quebraderos de cabeza da a la hora de distribuir los diferentes elementos en este espacio. Los interioristas de kibuc nos han dado algunas claves para que la elecci\u00f3n que hagamos sea todo un \u00e9xito. La primera regla de oro [&hellip;]<\/p>\n","protected":false},"author":3,"featured_media":12262,"comment_status":"closed","ping_status":"closed","sticky":false,"template":"","format":"gallery","meta":{"_acf_changed":false,"footnotes":""},"categories":[35],"tags":[926,1008],"class_list":["post-12261","post","type-post","status-publish","format-gallery","has-post-thumbnail","hentry","category-estancias","tag-salones","tag-sofas","post_format-post-format-gallery"],"acf":[],"_links":{"self":[{"href":"https:\/\/www.kibuc.com\/blog\/wp-json\/wp\/v2\/posts\/12261","targetHints":{"allow":["GET"]}}],"collection":[{"href":"https:\/\/www.kibuc.com\/blog\/wp-json\/wp\/v2\/posts"}],"about":[{"href":"https:\/\/www.kibuc.com\/blog\/wp-json\/wp\/v2\/types\/post"}],"author":[{"embeddable":true,"href":"https:\/\/www.kibuc.com\/blog\/wp-json\/wp\/v2\/users\/3"}],"replies":[{"embeddable":true,"href":"https:\/\/www.kibuc.com\/blog\/wp-json\/wp\/v2\/comments?post=12261"}],"version-history":[{"count":1,"href":"https:\/\/www.kibuc.com\/blog\/wp-json\/wp\/v2\/posts\/12261\/revisions"}],"predecessor-version":[{"id":20995,"href":"https:\/\/www.kibuc.com\/blog\/wp-json\/wp\/v2\/posts\/12261\/revisions\/20995"}],"wp:featuredmedia":[{"embeddable":true,"href":"https:\/\/www.kibuc.com\/blog\/wp-json\/wp\/v2\/media\/12262"}],"wp:attachment":[{"href":"https:\/\/www.kibuc.com\/blog\/wp-json\/wp\/v2\/media?parent=12261"}],"wp:term":[{"taxonomy":"category","embeddable":true,"href":"https:\/\/www.kibuc.com\/blog\/wp-json\/wp\/v2\/categories?post=12261"},{"taxonomy":"post_tag","embeddable":true,"href":"https:\/\/www.kibuc.com\/blog\/wp-json\/wp\/v2\/tags?post=12261"}],"curies":[{"name":"wp","href":"https:\/\/api.w.org\/{rel}","templated":true}]}}