{"id":12223,"date":"2013-06-19T11:15:42","date_gmt":"2013-06-19T11:15:42","guid":{"rendered":"https:\/\/kibuc.com\/blog\/?p=1855"},"modified":"2022-09-29T06:17:21","modified_gmt":"2022-09-29T06:17:21","slug":"decorar-pasillos-mucho-mas-que-un-lugar-de-paso","status":"publish","type":"post","link":"https:\/\/www.kibuc.com\/blog\/decorar-pasillos-mucho-mas-que-un-lugar-de-paso\/","title":{"rendered":"Decorar pasillos. ideas para que sean mucho m\u00e1s que un lugar de paso."},"content":{"rendered":"<p><strong>Decorar pasillos no es tarea f\u00e1cil<\/strong> ya que es el lugar de nuestra casa que tenemos m\u00e1s olvidado. Antes de plantearnos qu\u00e9 tipo de decoraci\u00f3n es la id\u00f3nea para nuestro pasillo, tenemos que tener en cuenta factores como el ancho y la altura de los techos. <strong>Otro factor fundamental es la iluminaci\u00f3n<\/strong>, debemos evitar que sea un espacio oscuro que casi d\u00e9 miedo pasar. Una buena idea es <strong>usar al\u00f3genos que proyectan luz blanca sobre el techo<\/strong>. Una mala idea es colocar apliques ya que hacen el pasillo m\u00e1s oscuro y al sobresalir lo vuelven m\u00e1s estrecho. <strong>Para potenciar la luminosidad escogeremos colores de pared claros, si queremos darle un toque de color podemos optar por el papel pintado<\/strong>. Pero, <strong>\u00bfqu\u00e9 elementos podemos colocar en el pasillo para potenciar la decoraci\u00f3n de este espacio?<\/strong> Desde <a href=\"https:\/\/www.kibuc.com\" target=\"_blank\" rel=\"noopener\">Kibuc<\/a> te damos algunas ideas, toma nota:<\/p>\n<p><strong>Cuadros y fotos.\u00a0<\/strong>Es un recurso cl\u00e1sico pero muy result\u00f3n si das con la composici\u00f3n id\u00f3nea y equilibras bien los colores.<\/p>\n<p>[pe2-image src=\u00bbhttps:\/\/lh4.ggpht.com\/-3CG5WmMaoL0\/UcFsCozI9FI\/AAAAAAAACm8\/pCiioLcfa-4\/s144-c-o\/578d65990816bcb091773752d156d85c.jpg\u00bb href=\u00bbhttps:\/\/picasaweb.google.com\/111265569539585373806\/19DeJunyDe2013#5891108580144772178&#8243; caption=\u00bb\u00bb type=\u00bbimage\u00bb alt=\u00bb\u00bb ]<\/p>\n<p>Composici\u00f3n de fotos para el pasillo. Foto v\u00eda\u00a0<a href=\"https:\/\/pinterest.com\/pin\/97108935685660914\/\" target=\"_blank\" rel=\"noopener\">pinterest<\/a><\/p>\n<p>[pe2-image src=\u00bbhttps:\/\/lh3.ggpht.com\/-X6YCJTrsn8s\/UcFsZZQ8hxI\/AAAAAAAACn0\/aG-AOFMRSWM\/s144-c-o\/8a9c4eb384890ba58131f25650ad0e61.jpg\u00bb href=\u00bbhttps:\/\/picasaweb.google.com\/111265569539585373806\/19DeJunyDe2013#5891108971111810834&#8243; caption=\u00bb\u00bb type=\u00bbimage\u00bb alt=\u00bb\u00bb ]<\/p>\n<p>Puedes colgar los cuadros o bien colocarlos sobre una repisa. Foto v\u00eda\u00a0<a href=\"https:\/\/pinterest.com\/pin\/130111876706417608\/\" target=\"_blank\" rel=\"noopener\">pinterest<\/a><\/p>\n<p>[pe2-image src=\u00bbhttps:\/\/lh5.ggpht.com\/-eGtNSncWEMk\/UcFsR_tIxSI\/AAAAAAAACnk\/6WJqH4YxqGU\/s144-c-o\/pasillo4.jpg\u00bb href=\u00bbhttps:\/\/picasaweb.google.com\/111265569539585373806\/19DeJunyDe2013#5891108843991647522&#8243; caption=\u00bb\u00bb type=\u00bbimage\u00bb alt=\u00bbMarcos de fotos vac\u00edos para decorar este espacio. Foto v\u00eda pinterest\u00bb ]<\/p>\n<p><strong>Muebles con espejo. <\/strong>Los espejos le dan m\u00e1s amplitud a este espacio. Estos muebles son de la colecci\u00f3n Curve de <a href=\"https:\/\/www.kibuc.com\" target=\"_blank\" rel=\"noopener\">Kibuc.<\/a><\/p>\n<p>[pe2-image src=\u00bbhttps:\/\/lh4.ggpht.com\/-UGWf8Pcqx1E\/UcFr-7ljJ-I\/AAAAAAAACm0\/eD3cXfPPZFY\/s144-c-o\/recibidor1.jpg\u00bb href=\u00bbhttps:\/\/picasaweb.google.com\/111265569539585373806\/19DeJunyDe2013#5891108516468565986&#8243; caption=\u00bb\u00bb type=\u00bbimage\u00bb alt=\u00bbMueble de la colecci\u00f3n Curve de Kibuc\u00bb ]<\/p>\n<p>[pe2-image src=\u00bbhttps:\/\/lh5.ggpht.com\/-bG8zG7b8h-Y\/UcFr9WfGiUI\/AAAAAAAACms\/kVVOnl4No8c\/s144-c-o\/554850_10151546573369320_1399027479_n.jpg\u00bb href=\u00bbhttps:\/\/picasaweb.google.com\/111265569539585373806\/19DeJunyDe2013#5891108489329543490&#8243; caption=\u00bb\u00bb type=\u00bbimage\u00bb alt=\u00bbMueble de la colecci\u00f3n Curve de Kibuc\u00bb ]<\/p>\n<p class=\"clear\"><strong>Un revistero diferente.\u00a0<\/strong>Nos ha parecido una idea muy original. Montar un revistero de pared usando perchas.<\/p>\n<p class=\"clear\">[pe2-image src=\u00bbhttps:\/\/lh6.ggpht.com\/-K_v6frIg6EM\/UcFsKq4WrsI\/AAAAAAAACnU\/VXn1qQKZLgQ\/s144-c-o\/pasiillo1.jpg\u00bb href=\u00bbhttps:\/\/picasaweb.google.com\/111265569539585373806\/19DeJunyDe2013#5891108718142467778&#8243; caption=\u00bb\u00bb type=\u00bbimage\u00bb alt=\u00bb\u00bb ]<\/p>\n<p class=\"clear\">Un revistero colgante en el pasillo.\u00a0Foto v\u00eda\u00a0<a href=\"https:\/\/pinterest.com\/pin\/475903885593454299\/\" target=\"_blank\" rel=\"noopener\">Pinterest<\/a><\/p>\n<p class=\"clear\"><strong>Colocar una estanter\u00eda. <\/strong>Nos encanta esta opci\u00f3n aunque necesitas un pasillo m\u00e1s bien ancho. Existen muchas alternativas, desde una estanter\u00eda de obra a hacerte una estanter\u00eda a medida en <a href=\"https:\/\/www.kibuc.com\" target=\"_blank\" rel=\"noopener\">Kibuc<\/a> hasta simplemente apilar los libros.<\/p>\n<p class=\"clear\">[pe2-image src=\u00bbhttps:\/\/lh3.ggpht.com\/-vQ9WQZGJEeU\/UcFsMQw4rII\/AAAAAAAACnc\/UBnr_c9Vj3Q\/s144-c-o\/5142636aabed1d4dd838bd22702de601.jpg\u00bb href=\u00bbhttps:\/\/picasaweb.google.com\/111265569539585373806\/19DeJunyDe2013#5891108745491557506&#8243; caption=\u00bb\u00bb type=\u00bbimage\u00bb alt=\u00bb\u00bb ]<\/p>\n<p class=\"clear\">Espectacular pasillo-librer\u00eda de un apartamento de Barcelona con banco de lectura.\u00a0Foto v\u00eda\u00a0<a href=\"https:\/\/pinterest.com\/pin\/239816748880071588\/\" target=\"_blank\" rel=\"noopener\">Pinterest<\/a><\/p>\n<p class=\"clear\">[pe2-image src=\u00bbhttps:\/\/lh5.ggpht.com\/-A2Ei5YK6CBI\/UcFsErZx_aI\/AAAAAAAACnE\/OSehYFwx-Fo\/s144-c-o\/libreri%2525CC%252581a%252520&#8243; href=\u00bbhttps:\/\/picasaweb.google.com\/111265569539585373806\/19DeJunyDe2013#5891108615203454370&#8243; caption=\u00bb\u00bb type=\u00bbimage\u00bb alt=\u00bb\u00bb ]<\/p>\n<p class=\"clear\">\u00a0Original librer\u00eda aprovechando un rinc\u00f3n del pasillo.\u00a0Foto v\u00eda\u00a0<a href=\"https:\/\/pinterest.com\/pin\/301107925056676191\/\" target=\"_blank\" rel=\"noopener\">Pinterest<\/a><\/p>\n<p class=\"clear\">[pe2-image src=\u00bbhttps:\/\/lh4.ggpht.com\/-hdZUJCSGKPo\/UcFsHvzklHI\/AAAAAAAACnM\/9lzQHURCPIA\/s144-c-o\/4fe7bee3ee91aade9aa590bcac081c7a.jpg\u00bb href=\u00bbhttps:\/\/picasaweb.google.com\/111265569539585373806\/19DeJunyDe2013#5891108667924976754&#8243; caption=\u00bb\u00bb type=\u00bbimage\u00bb alt=\u00bb<a href=\"https:\/\/pinterest.com\/pin\/270004940132401409\/\" target=\"_blank\" rel=\"noopener\">\u00ab<\/a> ]<\/p>\n<p class=\"clear\">Original manera de disponer los libros en un pasillo. Foto v\u00eda\u00a0<a href=\"https:\/\/pinterest.com\/pin\/270004940132401409\/\" target=\"_blank\" rel=\"noopener\">Pinterest<\/a><\/p>\n<p class=\"clear\"><strong>Colocar un colgador de abrigos y un zapatero.\u00a0<\/strong>\u00bfPor qu\u00e9 no? es una manera diferente de darle un car\u00e1cter muy pr\u00e1ctico a este espacio.<\/p>\n<p class=\"clear\">[pe2-image src=\u00bbhttps:\/\/lh5.ggpht.com\/-fphmP56-kEU\/UcFsSwjIw-I\/AAAAAAAACns\/W4PA75Vj5iM\/s144-c-o\/pasillo6.jpg\u00bb href=\u00bbhttps:\/\/picasaweb.google.com\/111265569539585373806\/19DeJunyDe2013#5891108857103041506&#8243; caption=\u00bb\u00bb type=\u00bbimage\u00bb alt=\u00bb\u00bb ]<\/p>\n<p class=\"clear\"><strong>Y por \u00faltimo una pregunta \u00bfpondr\u00edais una alfombra en el pasillo?\u00a0<\/strong>A nosotros nos parece una buena idea para potenciar este lugar y que sea mucho m\u00e1s que una zona de paso.<\/p>\n<p class=\"clear\">[pe2-image src=\u00bbhttps:\/\/lh5.ggpht.com\/-o0Rcmx3qKik\/UcFusVeCHHI\/AAAAAAAACoM\/b9FwTR0BhPs\/s144-c-o\/MiCasa_003.jpg\u00bb href=\u00bbhttps:\/\/picasaweb.google.com\/111265569539585373806\/19DeJunyDe2013#5891111495533730930&#8243; caption=\u00bb\u00bb type=\u00bbimage\u00bb alt=\u00bb\u00bb ]<\/p>\n<p>Foto v\u00eda\u00a0<a href=\"https:\/\/www.decorole.blogspot.com\" target=\"_blank\" rel=\"noopener\">Decorole<\/a><\/p>\n","protected":false},"excerpt":{"rendered":"<p>Decorar pasillos no es tarea f\u00e1cil ya que es el lugar de nuestra casa que tenemos m\u00e1s olvidado. Antes de plantearnos qu\u00e9 tipo de decoraci\u00f3n es la id\u00f3nea para nuestro pasillo, tenemos que tener en cuenta factores como el ancho y la altura de los techos. Otro factor fundamental es la iluminaci\u00f3n, debemos evitar que [&hellip;]<\/p>\n","protected":false},"author":3,"featured_media":12224,"comment_status":"closed","ping_status":"closed","sticky":false,"template":"","format":"gallery","meta":{"_acf_changed":false,"footnotes":""},"categories":[35],"tags":[908,916],"class_list":["post-12223","post","type-post","status-publish","format-gallery","has-post-thumbnail","hentry","category-estancias","tag-decoracion","tag-inspiracion","post_format-post-format-gallery"],"acf":[],"_links":{"self":[{"href":"https:\/\/www.kibuc.com\/blog\/wp-json\/wp\/v2\/posts\/12223","targetHints":{"allow":["GET"]}}],"collection":[{"href":"https:\/\/www.kibuc.com\/blog\/wp-json\/wp\/v2\/posts"}],"about":[{"href":"https:\/\/www.kibuc.com\/blog\/wp-json\/wp\/v2\/types\/post"}],"author":[{"embeddable":true,"href":"https:\/\/www.kibuc.com\/blog\/wp-json\/wp\/v2\/users\/3"}],"replies":[{"embeddable":true,"href":"https:\/\/www.kibuc.com\/blog\/wp-json\/wp\/v2\/comments?post=12223"}],"version-history":[{"count":1,"href":"https:\/\/www.kibuc.com\/blog\/wp-json\/wp\/v2\/posts\/12223\/revisions"}],"predecessor-version":[{"id":21010,"href":"https:\/\/www.kibuc.com\/blog\/wp-json\/wp\/v2\/posts\/12223\/revisions\/21010"}],"wp:featuredmedia":[{"embeddable":true,"href":"https:\/\/www.kibuc.com\/blog\/wp-json\/wp\/v2\/media\/12224"}],"wp:attachment":[{"href":"https:\/\/www.kibuc.com\/blog\/wp-json\/wp\/v2\/media?parent=12223"}],"wp:term":[{"taxonomy":"category","embeddable":true,"href":"https:\/\/www.kibuc.com\/blog\/wp-json\/wp\/v2\/categories?post=12223"},{"taxonomy":"post_tag","embeddable":true,"href":"https:\/\/www.kibuc.com\/blog\/wp-json\/wp\/v2\/tags?post=12223"}],"curies":[{"name":"wp","href":"https:\/\/api.w.org\/{rel}","templated":true}]}}