{"id":12078,"date":"2013-02-12T12:03:18","date_gmt":"2013-02-12T12:03:18","guid":{"rendered":"https:\/\/kibuc.com\/blog\/?p=1216"},"modified":"2022-09-29T06:16:29","modified_gmt":"2022-09-29T06:16:29","slug":"el-cabezal-uno-de-los-protagonistas-en-tu-dormitorio","status":"publish","type":"post","link":"https:\/\/www.kibuc.com\/blog\/el-cabezal-uno-de-los-protagonistas-en-tu-dormitorio\/","title":{"rendered":"El cabezal, uno de los protagonistas de tu dormitorio"},"content":{"rendered":"<p><strong>El cabezal de la cama tiene una gran importancia en la decoraci\u00f3n del dormitorio ya que marca, en gran medida, la personalidad del ambiente<\/strong>. No siempre es necesario escoger un cabezal, tambi\u00e9n puedes optar por una cama sin cabezal\u00a0y potenciar esa zona con el color de la pared, un cuadro de gran formato o incluso un vinilo. Si te decides por un cabezal, tiene que ir en consonancia con la decoraci\u00f3n del resto del dormitorio. Los cabezales pueden ser piezas independientes de la base de la cama o ir integrados en la estructura formando parte de un todo en cuanto a color y acabados. <strong>Hay muchos estilos de cabezales: modernos, cl\u00e1sicos, con luz, rectos, con curvas, tapizados, etc&#8230;la oferta es ampl\u00edsima y todo depende del estilo que le quieras dar a tu dormitorio<\/strong>. Desde Kibuc te lanzamos alguna ideas. \u00bfCon cu\u00e1l te identificas m\u00e1s?<\/p>\n<figure style=\"width: 512px\" class=\"wp-caption alignleft\"><a href=\"https:\/\/lh4.ggpht.com\/-LLOySYfAkJY\/URoRLggLbvI\/AAAAAAAABP4\/wiwrM7AfszM\/w512\/cabecero6.jpg\" rel=\"lightbox\"><img decoding=\"async\" src=\"https:\/\/lh4.ggpht.com\/-LLOySYfAkJY\/URoRLggLbvI\/AAAAAAAABP4\/wiwrM7AfszM\/w512\/cabecero6.jpg\" alt=\"cabecero6.jpg\" width=\"512\" height=\"348\" \/><\/a><figcaption class=\"wp-caption-text\">Las camas tapizadas son preciosas y \u00e9sta de la colecci\u00f3n Stacy adem\u00e1s original. Est\u00e1 totalmente tapizada, cabezal y ba\u00f1era, con opci\u00f3n de combinar el color de los botones con el de la cama<\/figcaption><\/figure>\n<figure style=\"width: 512px\" class=\"wp-caption alignleft\"><a href=\"https:\/\/lh4.ggpht.com\/--JiiSUDJhD8\/URoRtE5dOjI\/AAAAAAAABQI\/dpeX8wMUidY\/w512\/217-0012C150210.jpg\" rel=\"lightbox\"><img decoding=\"async\" src=\"https:\/\/lh4.ggpht.com\/--JiiSUDJhD8\/URoRtE5dOjI\/AAAAAAAABQI\/dpeX8wMUidY\/w512\/217-0012C150210.jpg\" alt=\"217-0012C150210.jpg\" width=\"512\" height=\"310\" \/><\/a><figcaption class=\"wp-caption-text\">La colecci\u00f3n Nuit te ofrece cabezales de dise\u00f1o como \u00e9ste en natural con detalle en cristal negro. Mesitas de noche a conjunto, de dos cajones. Acabado Nogal nuez y cristal negro.<\/figcaption><\/figure>\n<figure style=\"width: 512px\" class=\"wp-caption alignleft\"><a href=\"https:\/\/lh3.ggpht.com\/-XI-RRLWmOjk\/URoQ0vVu68I\/AAAAAAAABPg\/07J2FNDzHPY\/w512\/cabezal11.jpg\" rel=\"lightbox\"><img decoding=\"async\" src=\"https:\/\/lh3.ggpht.com\/-XI-RRLWmOjk\/URoQ0vVu68I\/AAAAAAAABPg\/07J2FNDzHPY\/w512\/cabezal11.jpg\" alt=\"cabezal11.tiff\" width=\"512\" height=\"310\" \/><\/a><figcaption class=\"wp-caption-text\">Si apuestas por una decoraci\u00f3n muy natural, te gustar\u00e1 este cabezal de la colecci\u00f3n Nuit. Destaca por el detalle de luz LED en el cabezal, que aporta sofisticaci\u00f3n y dise\u00f1o<\/figcaption><\/figure>\n<figure style=\"width: 512px\" class=\"wp-caption alignleft\"><a href=\"https:\/\/lh4.ggpht.com\/-qdu1f-YpcSc\/URoQvHplCqI\/AAAAAAAABPQ\/l3DqMnDR_tc\/w512\/cabecero9.jpg\" rel=\"lightbox\"><img decoding=\"async\" src=\"https:\/\/lh4.ggpht.com\/-qdu1f-YpcSc\/URoQvHplCqI\/AAAAAAAABPQ\/l3DqMnDR_tc\/w512\/cabecero9.jpg\" alt=\"cabecero9.tiff\" width=\"512\" height=\"283\" \/><\/a><figcaption class=\"wp-caption-text\">Si optas porque el cabezal sea el absoluto protagonista, te encantar\u00e1 esta cama de la colecci\u00f3n Wendy. Amplio cabezal tapizado en vis\u00f3n que se extiende por la base de la cama con canap\u00e9 elevable.<\/figcaption><\/figure>\n<figure style=\"width: 512px\" class=\"wp-caption alignleft\"><a href=\"https:\/\/lh4.ggpht.com\/-hyLuEhfvNbE\/URoQ4CHJcxI\/AAAAAAAABPo\/pIkIQLbXSZY\/w512\/cabecero8.jpg\" rel=\"lightbox\"><img decoding=\"async\" src=\"https:\/\/lh4.ggpht.com\/-hyLuEhfvNbE\/URoQ4CHJcxI\/AAAAAAAABPo\/pIkIQLbXSZY\/w512\/cabecero8.jpg\" alt=\"cabecero8.tiff\" width=\"512\" height=\"358\" \/><\/a><figcaption class=\"wp-caption-text\">Para noches con un toque muy \u00edntimo y sensual, cabezal tapizado Akira para un espacio de descanso \u00edntimo y \u00fanico.<\/figcaption><\/figure>\n<figure style=\"width: 512px\" class=\"wp-caption alignleft\"><a href=\"https:\/\/lh6.ggpht.com\/-EEvIfg60dBc\/URoSKpU1r0I\/AAAAAAAABQY\/LM6G_9MDI9w\/w512\/W_PAS02-A_MG.jpg\" rel=\"lightbox\"><img decoding=\"async\" src=\"https:\/\/lh6.ggpht.com\/-EEvIfg60dBc\/URoSKpU1r0I\/AAAAAAAABQY\/LM6G_9MDI9w\/w512\/W_PAS02-A_MG.jpg\" alt=\"W_PAS02-A_MG.jpg\" width=\"512\" height=\"310\" \/><\/a><figcaption class=\"wp-caption-text\">Original cabezal de la colecci\u00f3n Pasi\u00f3n en forma de ele de doble lacado ultramar y tapizado. Un acabado que hace de este dormitorio \u00fanico.<\/figcaption><\/figure>\n<figure style=\"width: 512px\" class=\"wp-caption alignleft\"><a href=\"https:\/\/lh4.ggpht.com\/-qiZJ7_e09qw\/URoSf9s2IDI\/AAAAAAAABQg\/LLSGubclI0c\/w512\/re.jpg\" rel=\"lightbox\"><img decoding=\"async\" src=\"https:\/\/lh4.ggpht.com\/-qiZJ7_e09qw\/URoSf9s2IDI\/AAAAAAAABQg\/LLSGubclI0c\/w512\/re.jpg\" alt=\"re.tiff\" width=\"512\" height=\"320\" \/><\/a><figcaption class=\"wp-caption-text\">Original soluci\u00f3n moderna y joven. Cabezal con dise\u00f1o para almacenar objetos con detalle en color, y mesitas de noche con dos cajones a juego. Acabado Cervino y lacado rojo.<\/figcaption><\/figure>\n<figure style=\"width: 512px\" class=\"wp-caption alignleft\"><a href=\"https:\/\/lh4.ggpht.com\/-C3tZTsF23Js\/URoRIY5Y_JI\/AAAAAAAABPw\/eUwvyiEmADQ\/w512\/cabecero7.jpg\" rel=\"lightbox\"><img decoding=\"async\" src=\"https:\/\/lh4.ggpht.com\/-C3tZTsF23Js\/URoRIY5Y_JI\/AAAAAAAABPw\/eUwvyiEmADQ\/w512\/cabecero7.jpg\" alt=\"cabecero7.jpg\" width=\"512\" height=\"379\" \/><\/a><figcaption class=\"wp-caption-text\">Impresionante cabezal tapizado de la colecci\u00f3n Square acabdo en piel sint\u00e9tica blanca. Muy elegante.<\/figcaption><\/figure>\n<figure style=\"width: 512px\" class=\"wp-caption alignleft\"><a href=\"https:\/\/lh3.ggpht.com\/-0ZfWiyLAJp8\/URoZTK9YhhI\/AAAAAAAABQ0\/nOA3-apI3vs\/w512\/car.jpg\" rel=\"lightbox\"><img decoding=\"async\" src=\"https:\/\/lh3.ggpht.com\/-0ZfWiyLAJp8\/URoZTK9YhhI\/AAAAAAAABQ0\/nOA3-apI3vs\/w512\/car.jpg\" alt=\"car.tiff\" width=\"512\" height=\"257\" \/><\/a><figcaption class=\"wp-caption-text\">Cabezal de estilo sobrio y elegante en tonalidades c\u00e1lidas combinado con dos mesitas. Acabado Lacado cuarzo mate y nogal claro. Una apuesta segura por la calidad.<\/figcaption><\/figure>\n<p>&nbsp;<\/p>\n","protected":false},"excerpt":{"rendered":"<p>El cabezal de la cama tiene una gran importancia en la decoraci\u00f3n del dormitorio ya que marca, en gran medida, la personalidad del ambiente. No siempre es necesario escoger un cabezal, tambi\u00e9n puedes optar por una cama sin cabezal\u00a0y potenciar esa zona con el color de la pared, un cuadro de gran formato o incluso [&hellip;]<\/p>\n","protected":false},"author":3,"featured_media":12079,"comment_status":"closed","ping_status":"closed","sticky":false,"template":"","format":"gallery","meta":{"_acf_changed":false,"footnotes":""},"categories":[35],"tags":[1000,1002],"class_list":["post-12078","post","type-post","status-publish","format-gallery","has-post-thumbnail","hentry","category-estancias","tag-dormitorios","tag-muebles","post_format-post-format-gallery"],"acf":[],"_links":{"self":[{"href":"https:\/\/www.kibuc.com\/blog\/wp-json\/wp\/v2\/posts\/12078","targetHints":{"allow":["GET"]}}],"collection":[{"href":"https:\/\/www.kibuc.com\/blog\/wp-json\/wp\/v2\/posts"}],"about":[{"href":"https:\/\/www.kibuc.com\/blog\/wp-json\/wp\/v2\/types\/post"}],"author":[{"embeddable":true,"href":"https:\/\/www.kibuc.com\/blog\/wp-json\/wp\/v2\/users\/3"}],"replies":[{"embeddable":true,"href":"https:\/\/www.kibuc.com\/blog\/wp-json\/wp\/v2\/comments?post=12078"}],"version-history":[{"count":1,"href":"https:\/\/www.kibuc.com\/blog\/wp-json\/wp\/v2\/posts\/12078\/revisions"}],"predecessor-version":[{"id":20930,"href":"https:\/\/www.kibuc.com\/blog\/wp-json\/wp\/v2\/posts\/12078\/revisions\/20930"}],"wp:featuredmedia":[{"embeddable":true,"href":"https:\/\/www.kibuc.com\/blog\/wp-json\/wp\/v2\/media\/12079"}],"wp:attachment":[{"href":"https:\/\/www.kibuc.com\/blog\/wp-json\/wp\/v2\/media?parent=12078"}],"wp:term":[{"taxonomy":"category","embeddable":true,"href":"https:\/\/www.kibuc.com\/blog\/wp-json\/wp\/v2\/categories?post=12078"},{"taxonomy":"post_tag","embeddable":true,"href":"https:\/\/www.kibuc.com\/blog\/wp-json\/wp\/v2\/tags?post=12078"}],"curies":[{"name":"wp","href":"https:\/\/api.w.org\/{rel}","templated":true}]}}