{"id":12044,"date":"2013-01-07T11:38:41","date_gmt":"2013-01-07T11:38:41","guid":{"rendered":"https:\/\/kibuc.com\/blog\/?p=993"},"modified":"2022-09-29T06:16:34","modified_gmt":"2022-09-29T06:16:34","slug":"especial-bufets-organizar-y-decorar","status":"publish","type":"post","link":"https:\/\/www.kibuc.com\/blog\/especial-bufets-organizar-y-decorar\/","title":{"rendered":"Especial bufets. Organizar y tambi\u00e9n decorar"},"content":{"rendered":"<p><strong><a href=\"https:\/\/www.kibuc.com\/es-ES\/Productos\/Listar\/Bufet\">Los bufets<\/a> son muebles que puedes ubicar en diferentes partes de la casa aunque lo habitual es hacerlo en el sal\u00f3n-comedor<\/strong>. los bufets te sirven para guardar todo aquello que no sabes muy bien donde colocar: <strong>vajilla, cuberter\u00eda que no usas a diario, manteler\u00edas especiales, etc<\/strong>. Es muy \u00fatil y decorativo y acaba de completar la decoraci\u00f3n de tu comedor. <strong>Actualmente es habitual ver bufets fuera del la estancia del comedor<\/strong>, en entradas o pasillos. A nosotros nos encanta el efecto que producen los bufets en el espacio del recibidor. Puedes encontrar los bufets <strong>en un gran n\u00famero de acabados y distribuciones<\/strong>, con cajones, puertas y hasta con estanter\u00edas incorporadas o huecos para incorporar objetos decorativos. <strong>Desde <a href=\"https:\/\/www.kibuc.com\/es-ES\" target=\"_blank\" rel=\"noopener\">kibuc<\/a> te hacemos algunas sugerencias<\/strong>. Y si necesitas un bufet, este es el momento ideal ya que hoy empiezan las Rebajas:) Feliz lunes.<\/p>\n<figure style=\"width: 512px\" class=\"wp-caption alignleft\"><a href=\"https:\/\/lh3.ggpht.com\/-Vp-7d9Yu3-M\/UOqTSi2OOLI\/AAAAAAAAA-M\/gM2_PYRumF0\/s700\/296_18kibucbuffethighC171110_Trazos_Det_G.jpg\" rel=\"lightbox\"><img decoding=\"async\" class=\"  \" title=\"Bufets Kibuc\" alt=\"Bufets Kibuc\" src=\"https:\/\/lh3.ggpht.com\/-Vp-7d9Yu3-M\/UOqTSi2OOLI\/AAAAAAAAA-M\/gM2_PYRumF0\/w512\/296_18kibucbuffethighC171110_Trazos_Det_G.jpg\" width=\"512\" height=\"310\" \/><\/a><figcaption class=\"wp-caption-text\">Si eres de los que crees que en decoraci\u00f3n menos es m\u00e1s, te encantar\u00e1 este elegante aparador de 2 puertas batientes de cristal y 4 cajones en el centro. Posibilidad de escoger z\u00f3calo o patas.<\/figcaption><\/figure>\n<figure style=\"width: 512px\" class=\"wp-caption alignleft\"><a href=\"h\" rel=\"lightbox\"><img decoding=\"async\" class=\" \" title=\"Bufets Kibuc. Colecci\u00f3n Sombra\" alt=\"Bufets Kibuc. Colecci\u00f3n Sombra\" src=\"https:\/\/lh3.ggpht.com\/-lFGUMGzh_qw\/UOqTWN-YKFI\/AAAAAAAAA-U\/KYOsUMf78xw\/w512\/83-Aparador2BkibucsombraC170511.jpg\" width=\"512\" height=\"310\" \/><\/a><figcaption class=\"wp-caption-text\">Elegante bufet de la Colecci\u00f3n Sombra. Ideal para tu sal\u00f3n comedor o para el recibidor. Combinaci\u00f3n de 2 puertas batientes y 2 cajones con tirador superior integrado, hueco cajonera y z\u00f3calo.<\/figcaption><\/figure>\n<figure style=\"width: 512px\" class=\"wp-caption alignleft\"><a href=\"https:\/\/lh3.ggpht.com\/-lvalczmAnKw\/UOqTYWPzc1I\/AAAAAAAAA-c\/Mqq5aAgi0qY\/s700\/66-Aparador13EkibucsombraC180511.jpg\" rel=\"lightbox\"><img decoding=\"async\" class=\"   \" title=\"Bufets Kibuc. Colecci\u00f3n Sombra\" alt=\"Bufets Kibuc. Colecci\u00f3n Sombra\" src=\"https:\/\/lh3.ggpht.com\/-lvalczmAnKw\/UOqTYWPzc1I\/AAAAAAAAA-c\/Mqq5aAgi0qY\/w512\/66-Aparador13EkibucsombraC180511.jpg\" width=\"512\" height=\"310\" \/><\/a><figcaption class=\"wp-caption-text\">Si te gusta el estilo natural y necesitas m\u00e1s espacio para guardar tus cosas, te gustar\u00e1 este bufet de la Colecci\u00f3n Sombra.Combinaci\u00f3n de puertas y cajones con tirador integrado y z\u00f3calo de aluminio.Acabado Roble chocolate y z\u00f3calo de aluminio.<\/figcaption><\/figure>\n<figure style=\"width: 512px\" class=\"wp-caption alignleft\"><a href=\"https:\/\/lh4.ggpht.com\/-knJvqkdQbkA\/UOqTb8FebxI\/AAAAAAAAA-k\/5aS4LOjea00\/s700\/94-KIBUCAPARADORAIR14C081211.jpg\" rel=\"lightbox\"><img decoding=\"async\" class=\"  \" title=\"Bufets Kibuc. Colecci\u00f3n Aiko\" alt=\"Bufets Kibuc. Colecci\u00f3n Aiko\" src=\"https:\/\/lh4.ggpht.com\/-knJvqkdQbkA\/UOqTb8FebxI\/AAAAAAAAA-k\/5aS4LOjea00\/w512\/94-KIBUCAPARADORAIR14C081211.jpg\" width=\"512\" height=\"310\" \/><\/a><figcaption class=\"wp-caption-text\">Bufet de grandes dimensiones de la colecci\u00f3n Aiko en el que se diluyen las diferencias entre un mueble de comedor y un bufet. Combinaci\u00f3n di\u00e1fana de puertas abatibles, cajones y caja estanter\u00eda asim\u00e9trica con tiradores integrados. Acabado Lacado niebla mate y nogal makao.<\/figcaption><\/figure>\n<figure style=\"width: 512px\" class=\"wp-caption alignleft\"><a href=\"https:\/\/lh6.ggpht.com\/-C1W4ACXzBWw\/UOqTecUOSqI\/AAAAAAAAA-s\/6G8kBgZzs5g\/s700\/84-Aparador11CkibucsombraC170511_G.jpg\" rel=\"lightbox\"><img decoding=\"async\" class=\"  \" title=\"Bufets Kibuc. Colecci\u00f3n Sombra\" alt=\"Bufets Kibuc. Colecci\u00f3n Sombra\" src=\"https:\/\/lh6.ggpht.com\/-C1W4ACXzBWw\/UOqTecUOSqI\/AAAAAAAAA-s\/6G8kBgZzs5g\/w512\/84-Aparador11CkibucsombraC170511_G.jpg\" width=\"512\" height=\"310\" \/><\/a><figcaption class=\"wp-caption-text\">Un bufet no tiene por qu\u00e9 ser un mueble de poco altura como podemos ver en este ejemplo de la Colecci\u00f3n Sombra. Combinaci\u00f3n de 4 puertas y cristal glas\u00e9, detalle de hueco con tiradores integrados.<\/figcaption><\/figure>\n<figure style=\"width: 512px\" class=\"wp-caption alignleft\"><a href=\"https:\/\/lh5.ggpht.com\/-Z8rSi3aMrk0\/UOqTgKRidbI\/AAAAAAAAA-0\/Q1-sL9H-6Aw\/s700\/64-10kibucbufetthighC101110_G.jpg\" rel=\"lightbox\"><img decoding=\"async\" class=\" \" title=\"Bufets Kibuc. Colecci\u00f3n Trazos\" alt=\"Bufets Kibuc. Colecci\u00f3n Trazos\" src=\"https:\/\/lh5.ggpht.com\/-Z8rSi3aMrk0\/UOqTgKRidbI\/AAAAAAAAA-0\/Q1-sL9H-6Aw\/w512\/64-10kibucbufetthighC101110_G.jpg\" width=\"512\" height=\"310\" \/><\/a><figcaption class=\"wp-caption-text\">Un ejemplo m\u00e1s de bufet que destaca por su altura de la Colecci\u00f3n Trazos. Combinaci\u00f3n asim\u00e9trica de 2 puertas batientes y estanter\u00eda central. Posibilidad de escoger z\u00f3calo o patas.<\/figcaption><\/figure>\n<figure style=\"width: 512px\" class=\"wp-caption alignleft\"><a href=\"https:\/\/lh5.ggpht.com\/-0MmdcBoJD7I\/UOqTlkG8GPI\/AAAAAAAAA-8\/sDTns1D3AvY\/s700\/67-4AdetallaparadorC120511_G.jpg\" rel=\"lightbox\"><img decoding=\"async\" class=\"  \" title=\"Bufets Kibuc. Colecci\u00f3n Sombra\" alt=\"Bufets Kibuc. Colecci\u00f3n Sombra\" src=\"https:\/\/lh5.ggpht.com\/-0MmdcBoJD7I\/UOqTlkG8GPI\/AAAAAAAAA-8\/sDTns1D3AvY\/w512\/67-4AdetallaparadorC120511_G.jpg\" width=\"512\" height=\"310\" \/><\/a><figcaption class=\"wp-caption-text\">Y si buscas algo no demasiado grande y muy natural, \u00bfqu\u00e9 te parece esta propuesta de la Colecci\u00f3n Sombra? Combinaci\u00f3n de m\u00f3dulos con puerta abatible y vitrina. Tiradores integrados y z\u00f3calo alto de aluminio. Acabado Nogal y cristal cappuccino. Medida L160xP45xH100 cm<\/figcaption><\/figure>\n<p>&nbsp;<\/p>\n","protected":false},"excerpt":{"rendered":"<p>Los bufets son muebles que puedes ubicar en diferentes partes de la casa aunque lo habitual es hacerlo en el sal\u00f3n-comedor. los bufets te sirven para guardar todo aquello que no sabes muy bien donde colocar: vajilla, cuberter\u00eda que no usas a diario, manteler\u00edas especiales, etc. Es muy \u00fatil y decorativo y acaba de completar [&hellip;]<\/p>\n","protected":false},"author":3,"featured_media":12045,"comment_status":"closed","ping_status":"closed","sticky":false,"template":"","format":"gallery","meta":{"_acf_changed":false,"footnotes":""},"categories":[35],"tags":[908,1004,926],"class_list":["post-12044","post","type-post","status-publish","format-gallery","has-post-thumbnail","hentry","category-estancias","tag-decoracion","tag-organizacion","tag-salones","post_format-post-format-gallery"],"acf":[],"_links":{"self":[{"href":"https:\/\/www.kibuc.com\/blog\/wp-json\/wp\/v2\/posts\/12044","targetHints":{"allow":["GET"]}}],"collection":[{"href":"https:\/\/www.kibuc.com\/blog\/wp-json\/wp\/v2\/posts"}],"about":[{"href":"https:\/\/www.kibuc.com\/blog\/wp-json\/wp\/v2\/types\/post"}],"author":[{"embeddable":true,"href":"https:\/\/www.kibuc.com\/blog\/wp-json\/wp\/v2\/users\/3"}],"replies":[{"embeddable":true,"href":"https:\/\/www.kibuc.com\/blog\/wp-json\/wp\/v2\/comments?post=12044"}],"version-history":[{"count":1,"href":"https:\/\/www.kibuc.com\/blog\/wp-json\/wp\/v2\/posts\/12044\/revisions"}],"predecessor-version":[{"id":20906,"href":"https:\/\/www.kibuc.com\/blog\/wp-json\/wp\/v2\/posts\/12044\/revisions\/20906"}],"wp:featuredmedia":[{"embeddable":true,"href":"https:\/\/www.kibuc.com\/blog\/wp-json\/wp\/v2\/media\/12045"}],"wp:attachment":[{"href":"https:\/\/www.kibuc.com\/blog\/wp-json\/wp\/v2\/media?parent=12044"}],"wp:term":[{"taxonomy":"category","embeddable":true,"href":"https:\/\/www.kibuc.com\/blog\/wp-json\/wp\/v2\/categories?post=12044"},{"taxonomy":"post_tag","embeddable":true,"href":"https:\/\/www.kibuc.com\/blog\/wp-json\/wp\/v2\/tags?post=12044"}],"curies":[{"name":"wp","href":"https:\/\/api.w.org\/{rel}","templated":true}]}}