{"id":11923,"date":"2012-05-21T11:11:41","date_gmt":"2012-05-21T11:11:41","guid":{"rendered":"https:\/\/kibuc.com\/blog\/?p=244"},"modified":"2022-09-29T06:17:05","modified_gmt":"2022-09-29T06:17:05","slug":"la-casa-mas-importante-de-tu-vida","status":"publish","type":"post","link":"https:\/\/www.kibuc.com\/blog\/la-casa-mas-importante-de-tu-vida\/","title":{"rendered":"La casa m\u00e1s importante de tu vida"},"content":{"rendered":"<p>Hay casas grandes o peque\u00f1as, tranquilas o ruidosas, de dan al mar o a la monta\u00f1a pero ninguna es tan vital como <strong>La Casa dels Xuclis<\/strong>. Porque en esta casa viven ni\u00f1os que est\u00e1n pasando por un momento muy dif\u00edcil y que necesitan, m\u00e1s que nunca, \u201csentirse como en casa\u201d.<\/p>\n<p><strong>Cada a\u00f1o hay aproximadamente unos 6.000 ni\u00f1os y ni\u00f1as en toda Espa\u00f1a que reciben tratamiento oncol\u00f3gico<\/strong>\u00a0y, casi una tercera parte, lo reciben en los hospitales de Barcelona. Muchos de ellos no tienen un lugar d\u00f3nde quedarse durante los largos meses que puede durar el tratamiento (de 1 a 5 a\u00f1os).<\/p>\n<p><strong>La casa dels Xuklis nace con la vocaci\u00f3n de ayudar a estas familias<\/strong>. Un lugar d\u00f3nde los ni\u00f1os, junto con sus familias, se sientan <strong>acogidos y comprendidos<\/strong>. Un espacio, completamente gratuito, <strong>cerca del hospital d\u00f3nde recibir la atenci\u00f3n m\u00e9dica, en un entorno tranquilo<\/strong> y pensado para atender la diversidad de ni\u00f1as y ni\u00f1os de diferentes edades (la edad pedi\u00e1trica va desde los 0 meses hasta los 18 a\u00f1os) y sus familias. Porque est\u00e1 ampliamente demostrado que <strong>un entorno familiar positivo y tranquilo es fundamental para que los ni\u00f1os se curen<\/strong>.<\/p>\n<p>\u00abLa casa dels Xuklis\u00bb es un proyecto de la \u00abFundaci\u00f3 Privada de Nenes i Nens amb C\u00e0ncer\u00bb, una iniciativa impulsada por la \u00abAssociaci\u00f3 de Familiars i Amics de Nens Oncol\u00f2gics de Catalunya, AFANOC\u00bb.??AFANOC ha luchado durante a\u00f1os para la <strong>construcci\u00f3n de una casa de acogida para las familias con ni\u00f1os enfermos de c\u00e1ncer<\/strong>. Dada la magnitud de la iniciativa se cre\u00f3 la Fundaci\u00f3n que tiene como patr\u00f3n fundacional a AFANOC.??Adem\u00e1s, la Fundaci\u00f3n que gestiona y coordina \u00abLa casa dels Xuklis\u00bb, <strong>cuenta con el apoyo de las instituciones p\u00fablicas de Catalunya. <\/strong><\/p>\n<p>Os animamos a que entr\u00e9is en <a href=\"https:\/\/www.lacasadelxuclis.org\">www.lacasadelxuclis.org<\/a> y visit\u00e9is esta casa tan especial. En esta web tambi\u00e9n pod\u00e9is realizar vuestras aportaciones si as\u00ed lo dese\u00e1is. Os dejamos con la campa\u00f1a publicitaria que se realiz\u00f3, en su momento, para explicar este proyecto.<\/p>\n","protected":false},"excerpt":{"rendered":"<p>Hay casas grandes o peque\u00f1as, tranquilas o ruidosas, de dan al mar o a la monta\u00f1a pero ninguna es tan vital como La Casa dels Xuclis. Porque en esta casa viven ni\u00f1os que est\u00e1n pasando por un momento muy dif\u00edcil y que necesitan, m\u00e1s que nunca, \u201csentirse como en casa\u201d. Cada a\u00f1o hay aproximadamente unos [&hellip;]<\/p>\n","protected":false},"author":3,"featured_media":0,"comment_status":"closed","ping_status":"closed","sticky":false,"template":"","format":"video","meta":{"_acf_changed":false,"footnotes":""},"categories":[37],"tags":[929],"class_list":["post-11923","post","type-post","status-publish","format-video","hentry","category-tematicas","tag-solidaridad","post_format-post-format-video"],"acf":[],"_links":{"self":[{"href":"https:\/\/www.kibuc.com\/blog\/wp-json\/wp\/v2\/posts\/11923","targetHints":{"allow":["GET"]}}],"collection":[{"href":"https:\/\/www.kibuc.com\/blog\/wp-json\/wp\/v2\/posts"}],"about":[{"href":"https:\/\/www.kibuc.com\/blog\/wp-json\/wp\/v2\/types\/post"}],"author":[{"embeddable":true,"href":"https:\/\/www.kibuc.com\/blog\/wp-json\/wp\/v2\/users\/3"}],"replies":[{"embeddable":true,"href":"https:\/\/www.kibuc.com\/blog\/wp-json\/wp\/v2\/comments?post=11923"}],"version-history":[{"count":1,"href":"https:\/\/www.kibuc.com\/blog\/wp-json\/wp\/v2\/posts\/11923\/revisions"}],"predecessor-version":[{"id":14499,"href":"https:\/\/www.kibuc.com\/blog\/wp-json\/wp\/v2\/posts\/11923\/revisions\/14499"}],"wp:attachment":[{"href":"https:\/\/www.kibuc.com\/blog\/wp-json\/wp\/v2\/media?parent=11923"}],"wp:term":[{"taxonomy":"category","embeddable":true,"href":"https:\/\/www.kibuc.com\/blog\/wp-json\/wp\/v2\/categories?post=11923"},{"taxonomy":"post_tag","embeddable":true,"href":"https:\/\/www.kibuc.com\/blog\/wp-json\/wp\/v2\/tags?post=11923"}],"curies":[{"name":"wp","href":"https:\/\/api.w.org\/{rel}","templated":true}]}}